{"id":581,"date":"2020-05-29T14:02:59","date_gmt":"2020-05-29T12:02:59","guid":{"rendered":"https:\/\/www.solarversand.de\/magazin\/?p=581"},"modified":"2021-11-04T08:56:54","modified_gmt":"2021-11-04T07:56:54","slug":"mit-solarleuchten-co-den-garten-und-teich-gestalten","status":"publish","type":"post","link":"https:\/\/www.solarversand.de\/magazin\/mit-solarleuchten-co-den-garten-und-teich-gestalten\/","title":{"rendered":"Mit Solarleuchten &#038; Co den Garten und Teich gestalten"},"content":{"rendered":"\n<p class=\"has-text-align-center\">Kaum werden die Tage l\u00e4nger, gr\u00fcnt und sprie\u00dft es im Garten und dem G\u00e4rtner juckt es in den Fingern, auch wenn die N\u00e4chte noch empfindlich k\u00fchl werden k\u00f6nnen. Da ist es an der Zeit, \u00fcber <strong>ein neues Lichtkonzept im Garten<\/strong> nachzudenken und zu planen. Neben der \u00e4sthetischen Komponente spielt die Funktion eine wesentliche Rolle, sowohl bei der Sicherheit, als auch der Installation.&nbsp;<\/p>\n\n\n\n<div class=\"is-layout-flow wp-block-group\"><div class=\"wp-block-group__inner-container\">\n<figure class=\"is-layout-flex wp-block-gallery-1 wp-block-gallery columns-2 is-cropped\"><ul class=\"blocks-gallery-grid\"><li class=\"blocks-gallery-item\"><figure><img decoding=\"async\" loading=\"lazy\" width=\"1200\" height=\"1200\" src=\"https:\/\/www.solarversand.de\/magazin\/wp-content\/uploads\/2021\/02\/102209-Solar-Dekoleuchtenset-Ilona_AN_CMYK-1200x1200.jpg\" alt=\"Ilona Dekoleuchten f\u00fcr den Garten\" data-id=\"591\" data-full-url=\"https:\/\/www.solarversand.de\/magazin\/wp-content\/uploads\/2021\/02\/102209-Solar-Dekoleuchtenset-Ilona_AN_CMYK-scaled.jpg\" data-link=\"https:\/\/www.solarversand.de\/magazin\/mit-solarleuchten-co-den-garten-und-teich-gestalten\/102209-solar-dekoleuchtenset-ilona_an_cmyk\/\" class=\"wp-image-591\" srcset=\"https:\/\/www.solarversand.de\/magazin\/wp-content\/uploads\/2021\/02\/102209-Solar-Dekoleuchtenset-Ilona_AN_CMYK-1200x1200.jpg 1200w, https:\/\/www.solarversand.de\/magazin\/wp-content\/uploads\/2021\/02\/102209-Solar-Dekoleuchtenset-Ilona_AN_CMYK-600x600.jpg 600w, https:\/\/www.solarversand.de\/magazin\/wp-content\/uploads\/2021\/02\/102209-Solar-Dekoleuchtenset-Ilona_AN_CMYK-300x300.jpg 300w, https:\/\/www.solarversand.de\/magazin\/wp-content\/uploads\/2021\/02\/102209-Solar-Dekoleuchtenset-Ilona_AN_CMYK-768x768.jpg 768w, https:\/\/www.solarversand.de\/magazin\/wp-content\/uploads\/2021\/02\/102209-Solar-Dekoleuchtenset-Ilona_AN_CMYK-1536x1536.jpg 1536w, https:\/\/www.solarversand.de\/magazin\/wp-content\/uploads\/2021\/02\/102209-Solar-Dekoleuchtenset-Ilona_AN_CMYK-2048x2048.jpg 2048w, https:\/\/www.solarversand.de\/magazin\/wp-content\/uploads\/2021\/02\/102209-Solar-Dekoleuchtenset-Ilona_AN_CMYK-1024x1024.jpg 1024w\" sizes=\"(max-width: 1200px) 100vw, 1200px\" \/><\/figure><\/li><li class=\"blocks-gallery-item\"><figure><img decoding=\"async\" loading=\"lazy\" width=\"1200\" height=\"1200\" src=\"https:\/\/www.solarversand.de\/magazin\/wp-content\/uploads\/2021\/02\/102678-Solar-Leuchtkugel-Coral-Ball_AN_Licht-kw_CMYK-1200x1200.jpg\" alt=\"Dekorative Leuchtkugel Coral Ball\" data-id=\"619\" data-full-url=\"https:\/\/www.solarversand.de\/magazin\/wp-content\/uploads\/2021\/02\/102678-Solar-Leuchtkugel-Coral-Ball_AN_Licht-kw_CMYK-scaled.jpg\" data-link=\"https:\/\/www.solarversand.de\/magazin\/mit-solar-leuchtkugeln-einen-trend-setzen\/102678-solar-leuchtkugel-coral-ball_an_licht-kw_cmyk\/\" class=\"wp-image-619\" srcset=\"https:\/\/www.solarversand.de\/magazin\/wp-content\/uploads\/2021\/02\/102678-Solar-Leuchtkugel-Coral-Ball_AN_Licht-kw_CMYK-1200x1200.jpg 1200w, https:\/\/www.solarversand.de\/magazin\/wp-content\/uploads\/2021\/02\/102678-Solar-Leuchtkugel-Coral-Ball_AN_Licht-kw_CMYK-600x600.jpg 600w, https:\/\/www.solarversand.de\/magazin\/wp-content\/uploads\/2021\/02\/102678-Solar-Leuchtkugel-Coral-Ball_AN_Licht-kw_CMYK-300x300.jpg 300w, https:\/\/www.solarversand.de\/magazin\/wp-content\/uploads\/2021\/02\/102678-Solar-Leuchtkugel-Coral-Ball_AN_Licht-kw_CMYK-768x768.jpg 768w, https:\/\/www.solarversand.de\/magazin\/wp-content\/uploads\/2021\/02\/102678-Solar-Leuchtkugel-Coral-Ball_AN_Licht-kw_CMYK-1536x1536.jpg 1536w, https:\/\/www.solarversand.de\/magazin\/wp-content\/uploads\/2021\/02\/102678-Solar-Leuchtkugel-Coral-Ball_AN_Licht-kw_CMYK-2048x2048.jpg 2048w, https:\/\/www.solarversand.de\/magazin\/wp-content\/uploads\/2021\/02\/102678-Solar-Leuchtkugel-Coral-Ball_AN_Licht-kw_CMYK-1024x1024.jpg 1024w\" sizes=\"(max-width: 1200px) 100vw, 1200px\" \/><\/figure><\/li><\/ul><\/figure>\n\n\n\n<div id=\"ez-toc-container\" class=\"ez-toc-v2_0_37 counter-hierarchy ez-toc-counter ez-toc-grey ez-toc-container-direction\">\n<div class=\"ez-toc-title-container\">\n<p class=\"ez-toc-title\">Inhaltsverzeichnis<\/p>\n<span class=\"ez-toc-title-toggle\"><\/span><\/div>\n<nav><ul class='ez-toc-list ez-toc-list-level-1' ><li class='ez-toc-page-1 ez-toc-heading-level-2'><a class=\"ez-toc-link ez-toc-heading-1\" href=\"https:\/\/www.solarversand.de\/magazin\/mit-solarleuchten-co-den-garten-und-teich-gestalten\/#Optische_Highlights_im_Garten_setzen\" title=\"Optische Highlights im Garten setzen\">Optische Highlights im Garten setzen<\/a><\/li><li class='ez-toc-page-1 ez-toc-heading-level-2'><a class=\"ez-toc-link ez-toc-heading-2\" href=\"https:\/\/www.solarversand.de\/magazin\/mit-solarleuchten-co-den-garten-und-teich-gestalten\/#Strom_sparen_mit_LEDs_und_Solarleuchten\" title=\"Strom sparen mit LEDs und Solarleuchten\">Strom sparen mit LEDs und Solarleuchten<\/a><\/li><li class='ez-toc-page-1 ez-toc-heading-level-2'><a class=\"ez-toc-link ez-toc-heading-3\" href=\"https:\/\/www.solarversand.de\/magazin\/mit-solarleuchten-co-den-garten-und-teich-gestalten\/#Im_Dunkeln_kann_man_gut%E2%80%A6\" title=\"Im Dunkeln kann man gut&#8230;\">Im Dunkeln kann man gut&#8230;<\/a><\/li><li class='ez-toc-page-1 ez-toc-heading-level-2'><a class=\"ez-toc-link ez-toc-heading-4\" href=\"https:\/\/www.solarversand.de\/magazin\/mit-solarleuchten-co-den-garten-und-teich-gestalten\/#Gartenwege_sicher_mit_Licht_gestalten\" title=\"Gartenwege sicher mit Licht gestalten\">Gartenwege sicher mit Licht gestalten<\/a><\/li><li class='ez-toc-page-1 ez-toc-heading-level-2'><a class=\"ez-toc-link ez-toc-heading-5\" href=\"https:\/\/www.solarversand.de\/magazin\/mit-solarleuchten-co-den-garten-und-teich-gestalten\/#Fuer_Fans_echter_Romantik\" title=\"F\u00fcr Fans echter Romantik\">F\u00fcr Fans echter Romantik<\/a><\/li><li class='ez-toc-page-1 ez-toc-heading-level-2'><a class=\"ez-toc-link ez-toc-heading-6\" href=\"https:\/\/www.solarversand.de\/magazin\/mit-solarleuchten-co-den-garten-und-teich-gestalten\/#Nachts_sind_laengst_nicht_alle_Katzen_grau\" title=\"Nachts sind l\u00e4ngst nicht alle Katzen grau\">Nachts sind l\u00e4ngst nicht alle Katzen grau<\/a><\/li><li class='ez-toc-page-1 ez-toc-heading-level-2'><a class=\"ez-toc-link ez-toc-heading-7\" href=\"https:\/\/www.solarversand.de\/magazin\/mit-solarleuchten-co-den-garten-und-teich-gestalten\/#weitere_Beitraege\" title=\"weitere Beitr\u00e4ge\">weitere Beitr\u00e4ge<\/a><\/li><\/ul><\/nav><\/div>\n<h2 class=\"has-text-align-center\"><span class=\"ez-toc-section\" id=\"Optische_Highlights_im_Garten_setzen\"><\/span><strong>Optische Highlights im Garten setzen<\/strong><span class=\"ez-toc-section-end\"><\/span><\/h2>\n<\/div><\/div>\n\n\n\n<p class=\"has-text-align-center\">Steht in Ihrem Garten ein interessanter Baum oder ein besonderer Strauch? Setzen Sie ihn doch einfach mit Hilfe von&nbsp;<a href=\"https:\/\/www.solarversand.de\/solarleuchten\/\" target=\"_blank\" rel=\"noreferrer noopener\">Solarleuchten<\/a>&nbsp;perfekt in Szene. LED-Strahler sind hierf\u00fcr ganz hervorragend geeignet. Wollen Sie in der D\u00e4mmerung eine romantische Stimmung im Garten erzeugen, k\u00f6nnen Sie diese mit Lichtobjekten oder <a href=\"https:\/\/www.solarversand.de\/solarleuchten\/alle-solarlampen\/lichterketten\/\" target=\"_blank\" rel=\"noreferrer noopener\">Lichterketten <\/a>gestalten. Denken Sie daran, dass einzelne Akzente auf Beeten oder dem Rasen mehr Spannung erzeugen, als ein durchg\u00e4ngig erleuchteter Garten. Mit Bodenleuchten k\u00f6nnen Sie einzelne Lichtpunkte zaubern und f\u00fcr den Gartenteich gibt es <a href=\"https:\/\/www.solarversand.de\/solarleuchten\/alle-solarlampen\/solarstrahler\/\" target=\"_blank\" rel=\"noreferrer noopener\">Solarstrahler f\u00fcr den Einsatz unter Wasser<\/a>.&nbsp;<\/p>\n\n\n\n<h2 class=\"has-text-align-center\"><span class=\"ez-toc-section\" id=\"Strom_sparen_mit_LEDs_und_Solarleuchten\"><\/span><strong>Strom sparen mit LEDs und Solarleuchten<\/strong><span class=\"ez-toc-section-end\"><\/span><\/h2>\n\n\n\n<p class=\"has-text-align-center\">Mit dem leuchtenden Vergn\u00fcgen im Garten k\u00f6nnen Sie Strom sparen. Die Solarleuchten mit ihren LEDs verbrauchen nur wenig Licht und spenden Licht auch in warmen Farben. Sie m\u00fcssen lediglich darauf achten, dass das Solarpanel gen\u00fcgend Sonnenlicht erh\u00e4lt, um den Akku tags\u00fcber aufzuladen. <strong>Zeigen die Solarzellen in s\u00fcdliche Richtung, wird der meiste Strom erzeugt<\/strong>. Hilfreich ist es, das Solarpanel gelegentlich mit einem feuchten Tuch zu putzen und dabei s\u00e4mtlichen Schmutz und loses Laub einfach abzuwischen.&nbsp;<\/p>\n\n\n\n<figure class=\"is-layout-flex wp-block-gallery-4 wp-block-gallery columns-2 is-cropped\"><ul class=\"blocks-gallery-grid\"><li class=\"blocks-gallery-item\"><figure><img decoding=\"async\" loading=\"lazy\" width=\"1024\" height=\"1024\" src=\"https:\/\/www.solarversand.de\/magazin\/wp-content\/uploads\/2021\/02\/102386-ambiente-rgb-1-1-1024x1024.jpg\" alt=\"\" data-id=\"586\" data-link=\"https:\/\/www.solarversand.de\/magazin\/?attachment_id=586\" class=\"wp-image-586\" srcset=\"https:\/\/www.solarversand.de\/magazin\/wp-content\/uploads\/2021\/02\/102386-ambiente-rgb-1-1-1024x1024.jpg 1024w, https:\/\/www.solarversand.de\/magazin\/wp-content\/uploads\/2021\/02\/102386-ambiente-rgb-1-1-600x600.jpg 600w, https:\/\/www.solarversand.de\/magazin\/wp-content\/uploads\/2021\/02\/102386-ambiente-rgb-1-1-1200x1200.jpg 1200w, https:\/\/www.solarversand.de\/magazin\/wp-content\/uploads\/2021\/02\/102386-ambiente-rgb-1-1-300x300.jpg 300w, https:\/\/www.solarversand.de\/magazin\/wp-content\/uploads\/2021\/02\/102386-ambiente-rgb-1-1-768x768.jpg 768w, https:\/\/www.solarversand.de\/magazin\/wp-content\/uploads\/2021\/02\/102386-ambiente-rgb-1-1-1536x1536.jpg 1536w, https:\/\/www.solarversand.de\/magazin\/wp-content\/uploads\/2021\/02\/102386-ambiente-rgb-1-1-2048x2048.jpg 2048w\" sizes=\"(max-width: 1024px) 100vw, 1024px\" \/><\/figure><\/li><li class=\"blocks-gallery-item\"><figure><img decoding=\"async\" loading=\"lazy\" width=\"1024\" height=\"1024\" src=\"https:\/\/www.solarversand.de\/magazin\/wp-content\/uploads\/2021\/02\/102086-Doppel-1024x1024.jpg\" alt=\"\" data-id=\"587\" data-full-url=\"https:\/\/www.solarversand.de\/magazin\/wp-content\/uploads\/2021\/02\/102086-Doppel.jpg\" data-link=\"https:\/\/www.solarversand.de\/magazin\/?attachment_id=587\" class=\"wp-image-587\" srcset=\"https:\/\/www.solarversand.de\/magazin\/wp-content\/uploads\/2021\/02\/102086-Doppel-1024x1024.jpg 1024w, https:\/\/www.solarversand.de\/magazin\/wp-content\/uploads\/2021\/02\/102086-Doppel-600x600.jpg 600w, https:\/\/www.solarversand.de\/magazin\/wp-content\/uploads\/2021\/02\/102086-Doppel-1200x1200.jpg 1200w, https:\/\/www.solarversand.de\/magazin\/wp-content\/uploads\/2021\/02\/102086-Doppel-300x300.jpg 300w, https:\/\/www.solarversand.de\/magazin\/wp-content\/uploads\/2021\/02\/102086-Doppel-768x768.jpg 768w, https:\/\/www.solarversand.de\/magazin\/wp-content\/uploads\/2021\/02\/102086-Doppel.jpg 1441w\" sizes=\"(max-width: 1024px) 100vw, 1024px\" \/><\/figure><\/li><\/ul><\/figure>\n\n\n\n<h2 class=\"has-text-align-center\"><span class=\"ez-toc-section\" id=\"Im_Dunkeln_kann_man_gut%E2%80%A6\"><\/span><strong>Im Dunkeln kann man gut&#8230;<\/strong><span class=\"ez-toc-section-end\"><\/span><\/h2>\n\n\n\n<p class=\"has-text-align-center\">&#8230; den Garten neu mit Licht gestalten. Haben Sie einen Lieblingsplatz, vielleicht unter dem Rosenbogen oder zwischen den Jasminstr\u00e4uchern? Dann bleiben Sie doch einfach sitzen, auch wenn es langsam dunkler wird. Jeder Sitzplatz wird mit etwas Licht zum absoluten Lieblingsplatz. Das Licht erf\u00fcllt dabei gleich mehrere Funktionen: Es verl\u00e4ngert beispielsweise die Lesezeit im Freien und sorgt gleichzeitig f\u00fcr eine wunderbar romantische Stimmung, wie sie andernfalls von Windlichtern, Kerzen oder Fackeln erzeugt wird. Sie haben die Wahl: <strong>Es gibt so viele Solarleuchten, die genauso schick wie Leuchten f\u00fcrs Wohnzimmer sind &#8211; und gleichzeitig wetter- und outdoorgeeignet sind<\/strong>. So kann der Garten als Wohnzimmer im Freien gut gestaltet werden. Werden Solarleuchten mit Wasser kombiniert, lassen sich zauberhafte Effekte erzielen. Leuchtende Schwimmkugeln in allen Gr\u00f6\u00dfen wirken im Gartenteich wie \u00fcberdimensionierte Seifenblasen, die scheinbar schwerelos schweben.&nbsp;<a href=\"https:\/\/www.solarversand.de\/solar-teichpumpen\/\" target=\"_blank\" rel=\"noreferrer noopener\">Solar Teichpumpen<\/a>&nbsp;und <a href=\"https:\/\/www.solarversand.de\/solar-teichfilter\/\" target=\"_blank\" rel=\"noreferrer noopener\">Solar Teichfilter<\/a> erg\u00e4nzen die Technik am Teich und sparen &#8211; ebenso wie die solarbetriebenen Leuchten &#8211; echtes Geld.&nbsp;&nbsp;<\/p>\n\n\n\n<figure class=\"wp-block-image size-large\"><img decoding=\"async\" loading=\"lazy\" width=\"1200\" height=\"650\" src=\"https:\/\/www.solarversand.de\/magazin\/wp-content\/uploads\/2020\/05\/102384-Ambiente-rgb-1200x650.jpg\" alt=\"Florelia sch\u00f6ne Gartenleuchte\n\" class=\"wp-image-1015\" srcset=\"https:\/\/www.solarversand.de\/magazin\/wp-content\/uploads\/2020\/05\/102384-Ambiente-rgb-1200x650.jpg 1200w, https:\/\/www.solarversand.de\/magazin\/wp-content\/uploads\/2020\/05\/102384-Ambiente-rgb-600x325.jpg 600w, https:\/\/www.solarversand.de\/magazin\/wp-content\/uploads\/2020\/05\/102384-Ambiente-rgb-300x162.jpg 300w, https:\/\/www.solarversand.de\/magazin\/wp-content\/uploads\/2020\/05\/102384-Ambiente-rgb-768x416.jpg 768w, https:\/\/www.solarversand.de\/magazin\/wp-content\/uploads\/2020\/05\/102384-Ambiente-rgb-1536x832.jpg 1536w, https:\/\/www.solarversand.de\/magazin\/wp-content\/uploads\/2020\/05\/102384-Ambiente-rgb-2048x1109.jpg 2048w\" sizes=\"(max-width: 1200px) 100vw, 1200px\" \/><\/figure>\n\n\n\n<h2 class=\"has-text-align-center\"><span class=\"ez-toc-section\" id=\"Gartenwege_sicher_mit_Licht_gestalten\"><\/span>Gartenwege sicher mit Licht gestalten<span class=\"ez-toc-section-end\"><\/span><\/h2>\n\n\n\n<p class=\"has-text-align-center\">Damit Sie Ihre Wege im Garten auch im Dunkeln gut begehen k\u00f6nnen, bieten wir von Solarversand <a href=\"https:\/\/www.solarversand.de\/solarleuchten\/alle-solarlampen\/stand-wegeleuchten\/\" target=\"_blank\" rel=\"noreferrer noopener\">viele wundersch\u00f6ne Wegeleuchten<\/a> an. Werden diese in regelm\u00e4\u00dfigen Abst\u00e4nden angebracht, k\u00f6nnen Sie mit diesen Ihre Gartenwege nicht nur sch\u00f6n, sondern auch gut beleuchten. Da Sie <strong>f\u00fcr die Installation der Solarleuchten weder Leitungen noch Steckdosen ben\u00f6tigen<\/strong>, sondern diese lediglich mittels Erdspie\u00df oder anderer einfacher Befestigungen an Ort und Stelle Halt finden, k\u00f6nnen Sie die kabellose Beleuchtung auch einfach alleine und ganz ohne Fachmann anbringen. Die Solarleuchten tanken \u00fcber das Solarpanel tags\u00fcber den notwendigen Strom, speichern diesen in ihrem Akku und spenden dann bei Dunkelheit ausreichend Licht.&nbsp;<\/p>\n\n\n\n<figure class=\"is-layout-flex wp-block-gallery-6 wp-block-gallery columns-2 is-cropped\"><ul class=\"blocks-gallery-grid\"><li class=\"blocks-gallery-item\"><figure><img decoding=\"async\" loading=\"lazy\" width=\"1024\" height=\"1024\" src=\"https:\/\/www.solarversand.de\/magazin\/wp-content\/uploads\/2021\/02\/102187-1-ambiente-rgb-scharf-ohne-modul-1024x1024.jpg\" alt=\"\" data-id=\"583\" data-link=\"https:\/\/www.solarversand.de\/magazin\/?attachment_id=583\" class=\"wp-image-583\" srcset=\"https:\/\/www.solarversand.de\/magazin\/wp-content\/uploads\/2021\/02\/102187-1-ambiente-rgb-scharf-ohne-modul-1024x1024.jpg 1024w, https:\/\/www.solarversand.de\/magazin\/wp-content\/uploads\/2021\/02\/102187-1-ambiente-rgb-scharf-ohne-modul-600x600.jpg 600w, https:\/\/www.solarversand.de\/magazin\/wp-content\/uploads\/2021\/02\/102187-1-ambiente-rgb-scharf-ohne-modul-1200x1200.jpg 1200w, https:\/\/www.solarversand.de\/magazin\/wp-content\/uploads\/2021\/02\/102187-1-ambiente-rgb-scharf-ohne-modul-300x300.jpg 300w, https:\/\/www.solarversand.de\/magazin\/wp-content\/uploads\/2021\/02\/102187-1-ambiente-rgb-scharf-ohne-modul-768x768.jpg 768w, https:\/\/www.solarversand.de\/magazin\/wp-content\/uploads\/2021\/02\/102187-1-ambiente-rgb-scharf-ohne-modul-1536x1536.jpg 1536w, https:\/\/www.solarversand.de\/magazin\/wp-content\/uploads\/2021\/02\/102187-1-ambiente-rgb-scharf-ohne-modul-2048x2048.jpg 2048w\" sizes=\"(max-width: 1024px) 100vw, 1024px\" \/><\/figure><\/li><li class=\"blocks-gallery-item\"><figure><img decoding=\"async\" loading=\"lazy\" width=\"1024\" height=\"1024\" src=\"https:\/\/www.solarversand.de\/magazin\/wp-content\/uploads\/2021\/02\/102753-ambiente-rgb-1024x1024.jpg\" alt=\"\" data-id=\"584\" data-full-url=\"https:\/\/www.solarversand.de\/magazin\/wp-content\/uploads\/2021\/02\/102753-ambiente-rgb.jpg\" data-link=\"https:\/\/www.solarversand.de\/magazin\/?attachment_id=584\" class=\"wp-image-584\" srcset=\"https:\/\/www.solarversand.de\/magazin\/wp-content\/uploads\/2021\/02\/102753-ambiente-rgb-1024x1024.jpg 1024w, https:\/\/www.solarversand.de\/magazin\/wp-content\/uploads\/2021\/02\/102753-ambiente-rgb-600x600.jpg 600w, https:\/\/www.solarversand.de\/magazin\/wp-content\/uploads\/2021\/02\/102753-ambiente-rgb-1200x1200.jpg 1200w, https:\/\/www.solarversand.de\/magazin\/wp-content\/uploads\/2021\/02\/102753-ambiente-rgb-300x300.jpg 300w, https:\/\/www.solarversand.de\/magazin\/wp-content\/uploads\/2021\/02\/102753-ambiente-rgb-768x768.jpg 768w, https:\/\/www.solarversand.de\/magazin\/wp-content\/uploads\/2021\/02\/102753-ambiente-rgb-1536x1536.jpg 1536w, https:\/\/www.solarversand.de\/magazin\/wp-content\/uploads\/2021\/02\/102753-ambiente-rgb-2048x2048.jpg 2048w\" sizes=\"(max-width: 1024px) 100vw, 1024px\" \/><\/figure><\/li><\/ul><\/figure>\n\n\n\n<h2 class=\"has-text-align-center\"><span class=\"ez-toc-section\" id=\"Fuer_Fans_echter_Romantik\"><\/span><strong>F\u00fcr Fans echter Romantik<\/strong><span class=\"ez-toc-section-end\"><\/span><\/h2>\n\n\n\n<p class=\"has-text-align-center\">Mit den Lampions,&nbsp;<a href=\"https:\/\/www.solarversand.de\/solarleuchten\/alle-solarlampen\/lichterketten\/\" target=\"_blank\" rel=\"noreferrer noopener\">Lichterketten<\/a>&nbsp;oder den Schwimmlichtern k\u00f6nnen Sie <strong>jeden gew\u00fcnschten Bereich Ihres Gartens stimmungsvoll gestalten<\/strong> und so aus einer einfach gr\u00fcnen Oase einen romantischen Treffpunkt gestalten. Die Leuchten sind gleicherma\u00dfen perfekt f\u00fcr die lauen, privaten Abende im August oder eine rauschende Gartenparty. Mit der gro\u00dfen Auswahl an passenden Leuchten vom Solarversand k\u00f6nnen Sie Ihre ohnehin sch\u00f6nen Abende noch sch\u00f6ner gestalten. Jede Leuchte setzt einen ganz eigenen Blickpunkt und verbreitet individuelle Stimmung. Dank ihrer <strong>einfachen Installation und Handhabung<\/strong> lassen sie sich \u00fcberall leicht einsetzen und wechseln bei Bedarf und auf Wunsch jederzeit ihren Platz. Die Leuchten sind <strong>robust<\/strong>, <strong>zuverl\u00e4ssig<\/strong> und <strong>best\u00e4ndig<\/strong> gegen Wetter, Feuchtigkeit und Wasser.<\/p>\n\n\n\n<figure class=\"wp-block-image size-large\"><img decoding=\"async\" loading=\"lazy\" width=\"1200\" height=\"878\" src=\"https:\/\/www.solarversand.de\/magazin\/wp-content\/uploads\/2020\/05\/102238-ambiente-rgb-1200x878.jpg\" alt=\"Sch\u00f6ne Standleuchten im Garten\" class=\"wp-image-1016\" srcset=\"https:\/\/www.solarversand.de\/magazin\/wp-content\/uploads\/2020\/05\/102238-ambiente-rgb-1200x878.jpg 1200w, https:\/\/www.solarversand.de\/magazin\/wp-content\/uploads\/2020\/05\/102238-ambiente-rgb-600x439.jpg 600w, https:\/\/www.solarversand.de\/magazin\/wp-content\/uploads\/2020\/05\/102238-ambiente-rgb-300x219.jpg 300w, https:\/\/www.solarversand.de\/magazin\/wp-content\/uploads\/2020\/05\/102238-ambiente-rgb-768x562.jpg 768w, https:\/\/www.solarversand.de\/magazin\/wp-content\/uploads\/2020\/05\/102238-ambiente-rgb-1536x1124.jpg 1536w, https:\/\/www.solarversand.de\/magazin\/wp-content\/uploads\/2020\/05\/102238-ambiente-rgb-2048x1498.jpg 2048w\" sizes=\"(max-width: 1200px) 100vw, 1200px\" \/><\/figure>\n\n\n\n<h2 class=\"has-text-align-center\"><span class=\"ez-toc-section\" id=\"Nachts_sind_laengst_nicht_alle_Katzen_grau\"><\/span><strong>Nachts sind l\u00e4ngst nicht alle Katzen grau<\/strong><span class=\"ez-toc-section-end\"><\/span><\/h2>\n\n\n\n<p class=\"has-text-align-center\">Mit den vielen, zauberhaften M\u00f6glichkeiten, mit denen Sie Ihren Garten in der Dunkelheit zum Strahlen bringen k\u00f6nnen, l\u00e4sst sich die Freiluftsaison ganz wunderbar verl\u00e4ngern. Mit den richtigen Lichtern im Garten setzen Sie nicht nur Akzente und sorgen f\u00fcr eine romantische Stimmung, sondern Sie schaffen neue Lichtachsen und Perspektiven. Wenn Sie zu den Menschen geh\u00f6ren, die ihre Terrasse oder den Garten erst am Abend richtig genie\u00dfen k\u00f6nnen, weil sie tags\u00fcber beruflich eingespannt sind, bietet die passende Gartenbeleuchtung die entsprechende Grundlage daf\u00fcr. Gestalten Sie Ihr Reich mit Licht und genie\u00dfen Sie es in der D\u00e4mmerung. Sobald die Sonne sinkt und die Nacht langsam hereinbricht, verwandelt sich ihr Garten in einen nat\u00fcrlichen Showroom und ein stimmungsvolles Wohnzimmer. <strong>Die meisten Leuchten werden einfach mit einem Erdspie\u00df in das Gras oder Beet gesteckt oder einfach mit Schrauben befestigt<\/strong>. Obwohl sie so gro\u00dfartig aussehen, machen sie den Farben der Beete, den leuchtenden Bl\u00fcten und dem Laubgr\u00fcn keine Konkurrenz: Ihr gro\u00dfer Auftritt kommt dann, wenn das Coleur langsam von der Dunkelheit verschluckt wird.<\/p>\n\n\n\n<div class=\"is-layout-flex wp-container-9 wp-block-columns\">\n<div class=\"is-layout-flow wp-block-column\" style=\"flex-basis:100%\">\n<\/div>\n<\/div>\n\n\n\n<div class=\"is-layout-flex wp-container-10 wp-block-columns\"><\/div>\n\n\n\n<div class=\"wp-block-cover has-background-dim-30 has-background-dim\"><img decoding=\"async\" loading=\"lazy\" width=\"2500\" height=\"2500\" class=\"wp-block-cover__image-background wp-image-548\" alt=\"\" src=\"https:\/\/www.solarversand.de\/magazin\/wp-content\/uploads\/2021\/02\/20cm-kugel-rgb-1-1.jpg\" style=\"object-position:56% 49%\" data-object-fit=\"cover\" data-object-position=\"56% 49%\" srcset=\"https:\/\/www.solarversand.de\/magazin\/wp-content\/uploads\/2021\/02\/20cm-kugel-rgb-1-1.jpg 2500w, https:\/\/www.solarversand.de\/magazin\/wp-content\/uploads\/2021\/02\/20cm-kugel-rgb-1-1-600x600.jpg 600w, https:\/\/www.solarversand.de\/magazin\/wp-content\/uploads\/2021\/02\/20cm-kugel-rgb-1-1-1200x1200.jpg 1200w, https:\/\/www.solarversand.de\/magazin\/wp-content\/uploads\/2021\/02\/20cm-kugel-rgb-1-1-300x300.jpg 300w, https:\/\/www.solarversand.de\/magazin\/wp-content\/uploads\/2021\/02\/20cm-kugel-rgb-1-1-768x768.jpg 768w, https:\/\/www.solarversand.de\/magazin\/wp-content\/uploads\/2021\/02\/20cm-kugel-rgb-1-1-1536x1536.jpg 1536w, https:\/\/www.solarversand.de\/magazin\/wp-content\/uploads\/2021\/02\/20cm-kugel-rgb-1-1-2048x2048.jpg 2048w, https:\/\/www.solarversand.de\/magazin\/wp-content\/uploads\/2021\/02\/20cm-kugel-rgb-1-1-1024x1024.jpg 1024w\" sizes=\"(max-width: 2500px) 100vw, 2500px\" \/><div class=\"wp-block-cover__inner-container\">\n<div class=\"is-layout-flex wp-block-buttons\">\n<div class=\"wp-block-button is-style-outline\"><a class=\"wp-block-button__link has-white-color has-text-color\" href=\"https:\/\/www.solarversand.de\/\" style=\"border-radius:7px\" target=\"_blank\" rel=\"https:\/\/www.solarversand.de noopener\">Zum Sortiment im Online Shop<\/a><\/div>\n<\/div>\n<\/div><\/div>\n\n\n\n<div style=\"height:43px\" aria-hidden=\"true\" class=\"wp-block-spacer\"><\/div>\n\n\n\n<h2 class=\"has-text-align-center\"><span class=\"ez-toc-section\" id=\"weitere_Beitraege\"><\/span>weitere Beitr\u00e4ge<span class=\"ez-toc-section-end\"><\/span><\/h2>\n\n\n\n<div style=\"height:26px\" aria-hidden=\"true\" class=\"wp-block-spacer\"><\/div>\n\n\n<ul class=\"wp-block-latest-posts__list is-grid columns-3 has-dates has-author wp-block-latest-posts\"><li><div class=\"wp-block-latest-posts__featured-image aligncenter\"><a href=\"https:\/\/www.solarversand.de\/magazin\/2910-2\/\" aria-label=\"Photovoltaischer Boiler\"><img width=\"600\" height=\"600\" src=\"https:\/\/www.solarversand.de\/magazin\/wp-content\/uploads\/2023\/02\/141102-fs-01_optimized-3-600x600.jpg\" class=\"attachment-medium size-medium wp-post-image\" alt=\"\" decoding=\"async\" loading=\"lazy\" style=\"\" srcset=\"https:\/\/www.solarversand.de\/magazin\/wp-content\/uploads\/2023\/02\/141102-fs-01_optimized-3-600x600.jpg 600w, https:\/\/www.solarversand.de\/magazin\/wp-content\/uploads\/2023\/02\/141102-fs-01_optimized-3-300x300.jpg 300w, https:\/\/www.solarversand.de\/magazin\/wp-content\/uploads\/2023\/02\/141102-fs-01_optimized-3-768x768.jpg 768w, https:\/\/www.solarversand.de\/magazin\/wp-content\/uploads\/2023\/02\/141102-fs-01_optimized-3.jpg 1000w\" sizes=\"(max-width: 600px) 100vw, 600px\" \/><\/a><\/div><a class=\"wp-block-latest-posts__post-title\" href=\"https:\/\/www.solarversand.de\/magazin\/2910-2\/\">Photovoltaischer Boiler<\/a><div class=\"wp-block-latest-posts__post-author\">von Matthias Englert<\/div><time datetime=\"2023-02-03T13:57:48+01:00\" class=\"wp-block-latest-posts__post-date\">3. Februar 2023<\/time><div class=\"wp-block-latest-posts__post-excerpt\">Auswahl der richtigen Boilergr\u00f6\u00dfe Den Fothermo Boiler gibt es in&nbsp;<u>[mehr lesen&hellip; ]<\/u><\/div><\/li>\n<li><div class=\"wp-block-latest-posts__featured-image aligncenter\"><a href=\"https:\/\/www.solarversand.de\/magazin\/energie-fuer-das-neue-logistikzentrum\/\" aria-label=\"Energie f\u00fcr das neue Logistikzentrum\"><img width=\"600\" height=\"600\" src=\"https:\/\/www.solarversand.de\/magazin\/wp-content\/uploads\/2022\/01\/Photovoltaik-Lager-3-7-1-600x600.jpg\" class=\"attachment-medium size-medium wp-post-image\" alt=\"Photovoltaik Anlage im neuen Logistikzentrum\" decoding=\"async\" loading=\"lazy\" style=\"\" srcset=\"https:\/\/www.solarversand.de\/magazin\/wp-content\/uploads\/2022\/01\/Photovoltaik-Lager-3-7-1-600x600.jpg 600w, https:\/\/www.solarversand.de\/magazin\/wp-content\/uploads\/2022\/01\/Photovoltaik-Lager-3-7-1-1200x1200.jpg 1200w, https:\/\/www.solarversand.de\/magazin\/wp-content\/uploads\/2022\/01\/Photovoltaik-Lager-3-7-1-300x300.jpg 300w, https:\/\/www.solarversand.de\/magazin\/wp-content\/uploads\/2022\/01\/Photovoltaik-Lager-3-7-1-768x768.jpg 768w, https:\/\/www.solarversand.de\/magazin\/wp-content\/uploads\/2022\/01\/Photovoltaik-Lager-3-7-1-1536x1536.jpg 1536w, https:\/\/www.solarversand.de\/magazin\/wp-content\/uploads\/2022\/01\/Photovoltaik-Lager-3-7-1-2048x2048.jpg 2048w\" sizes=\"(max-width: 600px) 100vw, 600px\" \/><\/a><\/div><a class=\"wp-block-latest-posts__post-title\" href=\"https:\/\/www.solarversand.de\/magazin\/energie-fuer-das-neue-logistikzentrum\/\">Energie f\u00fcr das neue Logistikzentrum<\/a><div class=\"wp-block-latest-posts__post-author\">von G\u00fcnter Englert<\/div><time datetime=\"2023-01-19T07:55:00+01:00\" class=\"wp-block-latest-posts__post-date\">19. Januar 2023<\/time><div class=\"wp-block-latest-posts__post-excerpt\">Als H\u00e4ndler von umweltfreundlichen Solarprodukten stehen wir nat\u00fcrlich auch in der Pflicht, unseren eigenen Strombedarf gr\u00f6\u00dftenteils mit Photovoltaikanlagen abzudecken.<\/div><\/li>\n<li><div class=\"wp-block-latest-posts__featured-image aligncenter\"><a href=\"https:\/\/www.solarversand.de\/magazin\/der-katalog-fuer-weihnachten\/\" aria-label=\"Der Katalog f\u00fcr die Weihnachtszeit!\"><img width=\"600\" height=\"600\" src=\"https:\/\/www.solarversand.de\/magazin\/wp-content\/uploads\/2022\/02\/Katalog-Weihnachten-22-2-600x600.jpg\" class=\"attachment-medium size-medium wp-post-image\" alt=\"Katalog Weihnachtszeit Solar\" decoding=\"async\" loading=\"lazy\" style=\"\" srcset=\"https:\/\/www.solarversand.de\/magazin\/wp-content\/uploads\/2022\/02\/Katalog-Weihnachten-22-2-600x600.jpg 600w, https:\/\/www.solarversand.de\/magazin\/wp-content\/uploads\/2022\/02\/Katalog-Weihnachten-22-2-1200x1200.jpg 1200w, https:\/\/www.solarversand.de\/magazin\/wp-content\/uploads\/2022\/02\/Katalog-Weihnachten-22-2-300x300.jpg 300w, https:\/\/www.solarversand.de\/magazin\/wp-content\/uploads\/2022\/02\/Katalog-Weihnachten-22-2-768x768.jpg 768w, https:\/\/www.solarversand.de\/magazin\/wp-content\/uploads\/2022\/02\/Katalog-Weihnachten-22-2-1536x1536.jpg 1536w, https:\/\/www.solarversand.de\/magazin\/wp-content\/uploads\/2022\/02\/Katalog-Weihnachten-22-2-2048x2048.jpg 2048w\" sizes=\"(max-width: 600px) 100vw, 600px\" \/><\/a><\/div><a class=\"wp-block-latest-posts__post-title\" href=\"https:\/\/www.solarversand.de\/magazin\/der-katalog-fuer-weihnachten\/\">Der Katalog f\u00fcr die Weihnachtszeit!<\/a><div class=\"wp-block-latest-posts__post-author\">von Benjamin Ebi<\/div><time datetime=\"2022-11-24T15:33:00+01:00\" class=\"wp-block-latest-posts__post-date\">24. November 2022<\/time><div class=\"wp-block-latest-posts__post-excerpt\">Lassen Sie sich fallen und tauchen Sie ein in unseren neuen Produktkatalog f\u00fcr die Weihnachtszeit. Es erwarten Sie viele Neuheiten und Ideen f\u00fcr Ihren eigenen Garten, den wir wieder mehr als Ort der Erholung betrachten sollten.<\/div><\/li>\n<\/ul>","protected":false},"excerpt":{"rendered":"<p>Kaum werden die Tage l\u00e4nger, gr\u00fcnt und sprie\u00dft es im Garten und dem G\u00e4rtner juckt es in den Fingern, auch wenn die N\u00e4chte noch empfindlich k\u00fchl werden k\u00f6nnen. Da ist es an der Zeit, \u00fcber ein neues Lichtkonzept im Garten nachzudenken und zu planen<\/p>\n","protected":false},"author":7,"featured_media":591,"comment_status":"closed","ping_status":"open","sticky":false,"template":"","format":"standard","meta":{"_mi_skip_tracking":false},"categories":[19],"tags":[],"acf":[],"aioseo_notices":[],"_links":{"self":[{"href":"https:\/\/www.solarversand.de\/magazin\/wp-json\/wp\/v2\/posts\/581"}],"collection":[{"href":"https:\/\/www.solarversand.de\/magazin\/wp-json\/wp\/v2\/posts"}],"about":[{"href":"https:\/\/www.solarversand.de\/magazin\/wp-json\/wp\/v2\/types\/post"}],"author":[{"embeddable":true,"href":"https:\/\/www.solarversand.de\/magazin\/wp-json\/wp\/v2\/users\/7"}],"replies":[{"embeddable":true,"href":"https:\/\/www.solarversand.de\/magazin\/wp-json\/wp\/v2\/comments?post=581"}],"version-history":[{"count":12,"href":"https:\/\/www.solarversand.de\/magazin\/wp-json\/wp\/v2\/posts\/581\/revisions"}],"predecessor-version":[{"id":2701,"href":"https:\/\/www.solarversand.de\/magazin\/wp-json\/wp\/v2\/posts\/581\/revisions\/2701"}],"wp:featuredmedia":[{"embeddable":true,"href":"https:\/\/www.solarversand.de\/magazin\/wp-json\/wp\/v2\/media\/591"}],"wp:attachment":[{"href":"https:\/\/www.solarversand.de\/magazin\/wp-json\/wp\/v2\/media?parent=581"}],"wp:term":[{"taxonomy":"category","embeddable":true,"href":"https:\/\/www.solarversand.de\/magazin\/wp-json\/wp\/v2\/categories?post=581"},{"taxonomy":"post_tag","embeddable":true,"href":"https:\/\/www.solarversand.de\/magazin\/wp-json\/wp\/v2\/tags?post=581"}],"curies":[{"name":"wp","href":"https:\/\/api.w.org\/{rel}","templated":true}]}}