{"id":558,"date":"2020-12-05T13:23:00","date_gmt":"2020-12-05T12:23:00","guid":{"rendered":"https:\/\/www.solarversand.de\/magazin\/?p=558"},"modified":"2021-11-03T15:23:12","modified_gmt":"2021-11-03T14:23:12","slug":"traumhafte-lichteffekte-im-winter-solar-winterdekoration","status":"publish","type":"post","link":"https:\/\/www.solarversand.de\/magazin\/traumhafte-lichteffekte-im-winter-solar-winterdekoration\/","title":{"rendered":"Traumhafte Lichteffekte im Winter"},"content":{"rendered":"\n<p class=\"has-text-align-center\">Wenn es Winter wird, bricht die D\u00e4mmerung schon fr\u00fch am Nachmittag herein und morgens wird es oft nicht richtig hell. In dieser Zeit sehnen sich die meisten Menschen nach Licht. In dieser dunklen Jahreszeit kann eine passende Beleuchtung im Garten diesen stimmungsvoll erhellen:&nbsp;<a href=\"https:\/\/www.solarversand.de\/solar-beleuchtung\/alle-solarlampen\/weihnachtsdeko\/\" target=\"_blank\" rel=\"noreferrer noopener\">Winter Gartendekoration<\/a> bringt aber nicht nur Licht in die bedrohlich wirkende Dunkelheit, sondern sie schafft eine heimelige Atmosph\u00e4re. Rund um das eigene Haus sorgen sie f\u00fcr Helligkeit und sch\u00fctzen vor den Stolperfallen im Garten, die im grauen D\u00e4mmerlicht kaum sichtbar sind. Au\u00dferdem halten die <a href=\"https:\/\/www.solarversand.de\/solar-beleuchtung\/alle-solarlampen\/weihnachtsdeko\/\" target=\"_blank\" rel=\"noreferrer noopener\">Winter&nbsp;Solarleuchten<\/a> ungebetene Eindringlinge fern, die sich andernfalls still, heimlich und leise im Schutz der Dunkelheit an das Haus anschleichen k\u00f6nnten.&nbsp;<\/p>\n\n\n\n<figure class=\"is-layout-flex wp-block-gallery-1 wp-block-gallery aligncenter columns-2 is-cropped\"><ul class=\"blocks-gallery-grid\"><li class=\"blocks-gallery-item\"><figure><img decoding=\"async\" loading=\"lazy\" width=\"1200\" height=\"1200\" src=\"https:\/\/www.solarversand.de\/magazin\/wp-content\/uploads\/2021\/02\/102119-Solar-Leuchtstern-Set-Duo-Color_Licht-ww_AN_RGB-1200x1200.jpg\" alt=\"Leuchtsterne Duo Color Set\" data-id=\"559\" data-full-url=\"https:\/\/www.solarversand.de\/magazin\/wp-content\/uploads\/2021\/02\/102119-Solar-Leuchtstern-Set-Duo-Color_Licht-ww_AN_RGB-scaled.jpg\" data-link=\"https:\/\/www.solarversand.de\/magazin\/traumhafte-lichteffekte-im-winter-solar-winterdekoration\/102119-solar-leuchtstern-set-duo-color_licht-ww_an_rgb\/\" class=\"wp-image-559\" srcset=\"https:\/\/www.solarversand.de\/magazin\/wp-content\/uploads\/2021\/02\/102119-Solar-Leuchtstern-Set-Duo-Color_Licht-ww_AN_RGB-1200x1200.jpg 1200w, https:\/\/www.solarversand.de\/magazin\/wp-content\/uploads\/2021\/02\/102119-Solar-Leuchtstern-Set-Duo-Color_Licht-ww_AN_RGB-600x600.jpg 600w, https:\/\/www.solarversand.de\/magazin\/wp-content\/uploads\/2021\/02\/102119-Solar-Leuchtstern-Set-Duo-Color_Licht-ww_AN_RGB-300x300.jpg 300w, https:\/\/www.solarversand.de\/magazin\/wp-content\/uploads\/2021\/02\/102119-Solar-Leuchtstern-Set-Duo-Color_Licht-ww_AN_RGB-768x768.jpg 768w, https:\/\/www.solarversand.de\/magazin\/wp-content\/uploads\/2021\/02\/102119-Solar-Leuchtstern-Set-Duo-Color_Licht-ww_AN_RGB-1536x1536.jpg 1536w, https:\/\/www.solarversand.de\/magazin\/wp-content\/uploads\/2021\/02\/102119-Solar-Leuchtstern-Set-Duo-Color_Licht-ww_AN_RGB-2048x2048.jpg 2048w, https:\/\/www.solarversand.de\/magazin\/wp-content\/uploads\/2021\/02\/102119-Solar-Leuchtstern-Set-Duo-Color_Licht-ww_AN_RGB-1024x1024.jpg 1024w\" sizes=\"(max-width: 1200px) 100vw, 1200px\" \/><\/figure><\/li><li class=\"blocks-gallery-item\"><figure><img decoding=\"async\" loading=\"lazy\" width=\"1200\" height=\"1200\" src=\"https:\/\/www.solarversand.de\/magazin\/wp-content\/uploads\/2020\/02\/102093-94-95-1_1-1200x1200.jpg\" alt=\"Leuchten f\u00fcr den Weg\" data-id=\"975\" data-full-url=\"https:\/\/www.solarversand.de\/magazin\/wp-content\/uploads\/2020\/02\/102093-94-95-1_1.jpg\" data-link=\"https:\/\/www.solarversand.de\/magazin\/gartenbeleuchtung-im-sommer\/102093-94-95-1_1\/\" class=\"wp-image-975\" srcset=\"https:\/\/www.solarversand.de\/magazin\/wp-content\/uploads\/2020\/02\/102093-94-95-1_1-1200x1200.jpg 1200w, https:\/\/www.solarversand.de\/magazin\/wp-content\/uploads\/2020\/02\/102093-94-95-1_1-600x600.jpg 600w, https:\/\/www.solarversand.de\/magazin\/wp-content\/uploads\/2020\/02\/102093-94-95-1_1-300x300.jpg 300w, https:\/\/www.solarversand.de\/magazin\/wp-content\/uploads\/2020\/02\/102093-94-95-1_1-768x768.jpg 768w, https:\/\/www.solarversand.de\/magazin\/wp-content\/uploads\/2020\/02\/102093-94-95-1_1-1536x1536.jpg 1536w, https:\/\/www.solarversand.de\/magazin\/wp-content\/uploads\/2020\/02\/102093-94-95-1_1.jpg 1711w\" sizes=\"(max-width: 1200px) 100vw, 1200px\" \/><\/figure><\/li><\/ul><\/figure>\n\n\n\n<div class=\"is-layout-flow wp-block-group\"><div class=\"wp-block-group__inner-container\">\n<div id=\"ez-toc-container\" class=\"ez-toc-v2_0_37 counter-hierarchy ez-toc-counter ez-toc-grey ez-toc-container-direction\">\n<div class=\"ez-toc-title-container\">\n<p class=\"ez-toc-title\">Inhaltsverzeichnis<\/p>\n<span class=\"ez-toc-title-toggle\"><\/span><\/div>\n<nav><ul class='ez-toc-list ez-toc-list-level-1' ><li class='ez-toc-page-1 ez-toc-heading-level-2'><a class=\"ez-toc-link ez-toc-heading-1\" href=\"https:\/\/www.solarversand.de\/magazin\/traumhafte-lichteffekte-im-winter-solar-winterdekoration\/#Sie_haben_die_Wahl\" title=\"Sie haben die Wahl\">Sie haben die Wahl<\/a><\/li><li class='ez-toc-page-1 ez-toc-heading-level-2'><a class=\"ez-toc-link ez-toc-heading-2\" href=\"https:\/\/www.solarversand.de\/magazin\/traumhafte-lichteffekte-im-winter-solar-winterdekoration\/#Mit_der_richtigen_Gartenbeleuchtung_fuer_Behaglichkeit_sorgen\" title=\"Mit der richtigen Gartenbeleuchtung f\u00fcr Behaglichkeit sorgen&nbsp;\">Mit der richtigen Gartenbeleuchtung f\u00fcr Behaglichkeit sorgen&nbsp;<\/a><\/li><li class='ez-toc-page-1 ez-toc-heading-level-2'><a class=\"ez-toc-link ez-toc-heading-3\" href=\"https:\/\/www.solarversand.de\/magazin\/traumhafte-lichteffekte-im-winter-solar-winterdekoration\/#Mehr_Sicherheit_im_Garten_und_rund_ums_Haus\" title=\"Mehr Sicherheit im Garten und rund ums Haus\">Mehr Sicherheit im Garten und rund ums Haus<\/a><\/li><li class='ez-toc-page-1 ez-toc-heading-level-2'><a class=\"ez-toc-link ez-toc-heading-4\" href=\"https:\/\/www.solarversand.de\/magazin\/traumhafte-lichteffekte-im-winter-solar-winterdekoration\/#weitere_Beitraege\" title=\"weitere Beitr\u00e4ge\">weitere Beitr\u00e4ge<\/a><\/li><\/ul><\/nav><\/div>\n<h2 class=\"has-text-align-center\"><span class=\"ez-toc-section\" id=\"Sie_haben_die_Wahl\"><\/span><strong>Sie haben die Wahl<\/strong><span class=\"ez-toc-section-end\"><\/span><\/h2>\n<\/div><\/div>\n\n\n\n<p class=\"has-text-align-center\">Wenn Sie die sinnvolle Beleuchtung Ihres Gartens planen, k\u00f6nnen Sie zwischen Leuchten w\u00e4hlen, die den Au\u00dfenbereich das ganze Jahr \u00fcber im Dunkeln erhellen oder einer speziellen Beleuchtung f\u00fcr den Winter &#8211; und besonders dabei f\u00fcr die Weihnachtszeit. <strong>F\u00fcr den ganzj\u00e4hrigen Einsatz eignen sich beispielsweise Leuchten<\/strong>, die Sie entlang der Gartenwege anbringen, damit diese beleuchtet werden. Sie sorgen nicht nur im Winter f\u00fcr die oft n\u00f6tige Helligkeit im Garten, sondern auch daf\u00fcr, dass Ihre G\u00e4ste bei der sommerlichen Grillparty auch dann nicht stolpern, wenn es etwas sp\u00e4ter und damit bereits dunkel wird. Solarleuchten sparen Energie und k\u00f6nnen praktisch \u00fcberall aufgestellt werden. Sollen diese das ganze Jahr \u00fcber im Garten bleiben, <strong>achten Sie einfach darauf, dass die Solarleuchten auch f\u00fcr den Winterbetrieb geeignet sind<\/strong>. Andernfalls k\u00f6nnen Sie zwar die Gartendeko im Sommer als stimmungsvolle Lichtspender einsetzen und mit ihnen die Terrasse oder den Grill beleuchten, m\u00fcssen sie jedoch im Gartenhaus oder Keller lagern und die Akkus entfernen, bevor der erste Frost kommt. Achten Sie darauf, dass das Solarpanel von Ihrer Winter Gartendeko immer gen\u00fcgend Sonne und Tageslicht bekommt, damit der Akku tags\u00fcber ausreichend geladen werden kann. Speziell f\u00fcr die dunklen Monate eignen sich Gartenleuchten, die nicht nur die Wege im Garten, sondern auch einen Teil der Hauswand in ein sanftes Licht tauchen. In diesem Licht f\u00e4llt es potentiellen Einbrechern deutlich schwerer, sich durch die dunklen B\u00fcsche im Garten bis zur Terrasse oder Kellert\u00fcr zu schleichen. Bevor Sie die Winter Gartendeko endg\u00fcltig installieren, sollten Sie mehrere Standorte testen: So k\u00f6nnen Sie sicher sein, dass das Licht den Garten und das Haus gut beleuchtet, Sie aber gleichzeitig im Wohnzimmer nicht geblendet werden.&nbsp;<\/p>\n\n\n\n<figure class=\"is-layout-flex wp-block-gallery-4 wp-block-gallery columns-2 is-cropped\"><ul class=\"blocks-gallery-grid\"><li class=\"blocks-gallery-item\"><figure><img decoding=\"async\" loading=\"lazy\" width=\"1024\" height=\"1024\" src=\"https:\/\/www.solarversand.de\/magazin\/wp-content\/uploads\/2021\/02\/102389-ambiente-rgb-neu-1024x1024.jpg\" alt=\"\" data-id=\"546\" data-link=\"https:\/\/www.solarversand.de\/magazin\/?attachment_id=546\" class=\"wp-image-546\" srcset=\"https:\/\/www.solarversand.de\/magazin\/wp-content\/uploads\/2021\/02\/102389-ambiente-rgb-neu-1024x1024.jpg 1024w, https:\/\/www.solarversand.de\/magazin\/wp-content\/uploads\/2021\/02\/102389-ambiente-rgb-neu-600x600.jpg 600w, https:\/\/www.solarversand.de\/magazin\/wp-content\/uploads\/2021\/02\/102389-ambiente-rgb-neu-1200x1200.jpg 1200w, https:\/\/www.solarversand.de\/magazin\/wp-content\/uploads\/2021\/02\/102389-ambiente-rgb-neu-300x300.jpg 300w, https:\/\/www.solarversand.de\/magazin\/wp-content\/uploads\/2021\/02\/102389-ambiente-rgb-neu-768x768.jpg 768w, https:\/\/www.solarversand.de\/magazin\/wp-content\/uploads\/2021\/02\/102389-ambiente-rgb-neu-1536x1536.jpg 1536w, https:\/\/www.solarversand.de\/magazin\/wp-content\/uploads\/2021\/02\/102389-ambiente-rgb-neu-2048x2048.jpg 2048w\" sizes=\"(max-width: 1024px) 100vw, 1024px\" \/><\/figure><\/li><li class=\"blocks-gallery-item\"><figure><img decoding=\"async\" loading=\"lazy\" width=\"1024\" height=\"1024\" src=\"https:\/\/www.solarversand.de\/magazin\/wp-content\/uploads\/2021\/02\/102386-ambiente-rgb-1-2-1024x1024.jpg\" alt=\"\" data-id=\"657\" data-full-url=\"https:\/\/www.solarversand.de\/magazin\/wp-content\/uploads\/2021\/02\/102386-ambiente-rgb-1-2.jpg\" data-link=\"https:\/\/www.solarversand.de\/magazin\/neuheiten\/dekoleuchte-kokuna\/102386-ambiente-rgb-1-2\/\" class=\"wp-image-657\" srcset=\"https:\/\/www.solarversand.de\/magazin\/wp-content\/uploads\/2021\/02\/102386-ambiente-rgb-1-2-1024x1024.jpg 1024w, https:\/\/www.solarversand.de\/magazin\/wp-content\/uploads\/2021\/02\/102386-ambiente-rgb-1-2-600x600.jpg 600w, https:\/\/www.solarversand.de\/magazin\/wp-content\/uploads\/2021\/02\/102386-ambiente-rgb-1-2-1200x1200.jpg 1200w, https:\/\/www.solarversand.de\/magazin\/wp-content\/uploads\/2021\/02\/102386-ambiente-rgb-1-2-300x300.jpg 300w, https:\/\/www.solarversand.de\/magazin\/wp-content\/uploads\/2021\/02\/102386-ambiente-rgb-1-2-768x768.jpg 768w, https:\/\/www.solarversand.de\/magazin\/wp-content\/uploads\/2021\/02\/102386-ambiente-rgb-1-2-1536x1536.jpg 1536w, https:\/\/www.solarversand.de\/magazin\/wp-content\/uploads\/2021\/02\/102386-ambiente-rgb-1-2-2048x2048.jpg 2048w\" sizes=\"(max-width: 1024px) 100vw, 1024px\" \/><\/figure><\/li><\/ul><\/figure>\n\n\n\n<h2 class=\"has-text-align-center\"><span class=\"ez-toc-section\" id=\"Mit_der_richtigen_Gartenbeleuchtung_fuer_Behaglichkeit_sorgen\"><\/span><strong>Mit der richtigen Gartenbeleuchtung f\u00fcr Behaglichkeit sorgen&nbsp;<\/strong><span class=\"ez-toc-section-end\"><\/span><\/h2>\n\n\n\n<p class=\"has-text-align-center\">Solarleuchten verbreiten ein sanftes Licht im Garten, das nicht zu hell ist: So werden die Pflanzen und Tiere nicht in ihrer Winterruhe gest\u00f6rt. <strong>Die Leuchten verbreiten eine behagliche Atmosph\u00e4re und hellen die dunkle Jahreszeit etwas auf<\/strong>. Mit kleinen, <a href=\"https:\/\/www.solarversand.de\/solarleuchten\/alle-solarlampen\/solarstrahler\/\" target=\"_blank\" rel=\"noreferrer noopener\">schwenkbaren Strahlern<\/a>, die in der N\u00e4he des Bodens positioniert werden, k\u00f6nnen einzelne B\u00fcsche oder Skulpturen im Garten stimmungsvoll angestrahlt werden. Sind diese mit einem Blendschutz versehen, wird das Licht zielgerichtet dorthin gelenkt, wo es wirken soll. Ist Ihre Gartenlaube tief verschneit oder mit Raureif bedeckt, wird sie beleuchtet zu einem malerischen Objekt, ebenso wie die kleine Statue unter dem Korkenzieherhaselstrauch. Sie k\u00f6nnen auch mit einem Strahler helle Lichtreflexe \u00fcber der Oberfl\u00e4che des winterlich-stillen Teichs tanzen lassen. <strong>Falls in Ihrem Teich keine Fische leben, die durch Licht in ihrer Winterruhe gest\u00f6rt werden, k\u00f6nnen Sie auch mit winterfesten <a href=\"https:\/\/www.solarversand.de\/solarleuchten\/alle-solarlampen\/unterwasserstrahler\/\" target=\"_blank\" rel=\"noreferrer noopener\">Unterwasserleuchten <\/a>helle Akzente setzen<\/strong>. Mit einer winterlichen Gartendeko k\u00f6nnen Sie kleine Lichtinseln schaffen, die sich mit den dunklen Stellen im Garten abwechseln und mit ihrem Licht f\u00fcr Oasen sorgen. In der Adventszeit, wenn die Nacht am tiefsten ist, ist eine&nbsp;<a href=\"https:\/\/www.solarversand.de\/solar-beleuchtung\/alle-solarlampen\/weihnachtsdeko\/\" target=\"_blank\" rel=\"noreferrer noopener\">Solar Weihnachtsdekoration<\/a>&nbsp;eine gute Wahl: Sie erhellt den dunklen Garten und l\u00e4sst die Vorfreude auf das Weihnachtsfest ein wenig strahlender werden.&nbsp;<\/p>\n\n\n\n<figure class=\"is-layout-flex wp-block-gallery-6 wp-block-gallery columns-2 is-cropped\"><ul class=\"blocks-gallery-grid\"><li class=\"blocks-gallery-item\"><figure><img decoding=\"async\" loading=\"lazy\" width=\"1200\" height=\"1200\" src=\"https:\/\/www.solarversand.de\/magazin\/wp-content\/uploads\/2021\/02\/102572-Solar-Lichtschlauch-10m_AN_CMYK-1200x1200.jpg\" alt=\"Solar Lichtschlauch als Dekoration\" data-id=\"563\" data-full-url=\"https:\/\/www.solarversand.de\/magazin\/wp-content\/uploads\/2021\/02\/102572-Solar-Lichtschlauch-10m_AN_CMYK-scaled.jpg\" data-link=\"https:\/\/www.solarversand.de\/magazin\/traumhafte-lichteffekte-im-winter-solar-winterdekoration\/102572-solar-lichtschlauch-10m_an_cmyk\/\" class=\"wp-image-563\" srcset=\"https:\/\/www.solarversand.de\/magazin\/wp-content\/uploads\/2021\/02\/102572-Solar-Lichtschlauch-10m_AN_CMYK-1200x1200.jpg 1200w, https:\/\/www.solarversand.de\/magazin\/wp-content\/uploads\/2021\/02\/102572-Solar-Lichtschlauch-10m_AN_CMYK-600x600.jpg 600w, https:\/\/www.solarversand.de\/magazin\/wp-content\/uploads\/2021\/02\/102572-Solar-Lichtschlauch-10m_AN_CMYK-300x300.jpg 300w, https:\/\/www.solarversand.de\/magazin\/wp-content\/uploads\/2021\/02\/102572-Solar-Lichtschlauch-10m_AN_CMYK-768x768.jpg 768w, https:\/\/www.solarversand.de\/magazin\/wp-content\/uploads\/2021\/02\/102572-Solar-Lichtschlauch-10m_AN_CMYK-1536x1536.jpg 1536w, https:\/\/www.solarversand.de\/magazin\/wp-content\/uploads\/2021\/02\/102572-Solar-Lichtschlauch-10m_AN_CMYK-2048x2048.jpg 2048w, https:\/\/www.solarversand.de\/magazin\/wp-content\/uploads\/2021\/02\/102572-Solar-Lichtschlauch-10m_AN_CMYK-1024x1024.jpg 1024w\" sizes=\"(max-width: 1200px) 100vw, 1200px\" \/><\/figure><\/li><li class=\"blocks-gallery-item\"><figure><img decoding=\"async\" loading=\"lazy\" width=\"1200\" height=\"1200\" src=\"https:\/\/www.solarversand.de\/magazin\/wp-content\/uploads\/2021\/02\/102115-4-1200x1200.jpg\" alt=\"Bezaubernde Leuchtkugel aus Metall\" data-id=\"618\" data-full-url=\"https:\/\/www.solarversand.de\/magazin\/wp-content\/uploads\/2021\/02\/102115-4.jpg\" data-link=\"https:\/\/www.solarversand.de\/magazin\/mit-solar-leuchtkugeln-einen-trend-setzen\/102115-4\/\" class=\"wp-image-618\" srcset=\"https:\/\/www.solarversand.de\/magazin\/wp-content\/uploads\/2021\/02\/102115-4-1200x1200.jpg 1200w, https:\/\/www.solarversand.de\/magazin\/wp-content\/uploads\/2021\/02\/102115-4-600x600.jpg 600w, https:\/\/www.solarversand.de\/magazin\/wp-content\/uploads\/2021\/02\/102115-4-300x300.jpg 300w, https:\/\/www.solarversand.de\/magazin\/wp-content\/uploads\/2021\/02\/102115-4-768x768.jpg 768w, https:\/\/www.solarversand.de\/magazin\/wp-content\/uploads\/2021\/02\/102115-4-1536x1536.jpg 1536w, https:\/\/www.solarversand.de\/magazin\/wp-content\/uploads\/2021\/02\/102115-4-1024x1024.jpg 1024w, https:\/\/www.solarversand.de\/magazin\/wp-content\/uploads\/2021\/02\/102115-4.jpg 2000w\" sizes=\"(max-width: 1200px) 100vw, 1200px\" \/><\/figure><\/li><\/ul><\/figure>\n\n\n\n<h2 class=\"has-text-align-center\"><span class=\"ez-toc-section\" id=\"Mehr_Sicherheit_im_Garten_und_rund_ums_Haus\"><\/span><strong>Mehr Sicherheit im Garten und rund ums Haus<\/strong><span class=\"ez-toc-section-end\"><\/span><\/h2>\n\n\n\n<p class=\"has-text-align-center\">W\u00e4hrend die Solar Weihnachtsdekoration und andere stimmungsvolle Solarleuchten vor allen Dingen f\u00fcr eine romantische Atmosph\u00e4re sorgen, haben die Leuchten am Weg und am Haus noch weitere Aufgaben. Oft herrscht Dunkelheit, wenn Sie den M\u00fcll nach drau\u00dfen bringen oder zur Garage gehen. Hier sorgen Solarleuchten f\u00fcr ausreichend Licht und Sicherheit. Eine <a href=\"https:\/\/www.solarversand.de\/solarleuchten\/alle-solarlampen\/wand-hausnummernleuchten\/\" target=\"_blank\" rel=\"noreferrer noopener\">Solarlampe an der Wand<\/a> oder als <a href=\"https:\/\/www.solarversand.de\/solarleuchten\/alle-solarlampen\/mit-bewegungsmelder\/\" target=\"_blank\" rel=\"noreferrer noopener\">Standleuchte mit einem eingebauten Bewegungsmelder<\/a> nimmt wahr, wenn Sie den Weg suchen und schaltet sich automatisch auch dann ein, wenn Sie beide H\u00e4nde voll haben und damit keinen Lichtschalter bedienen k\u00f6nnen. <strong>Besonders in der Einfahrt erg\u00e4nzt eine Leuchte mit Bewegungsmelder die stimmungsvolle Solar Dekoration des Vorgartens<\/strong>. Sobald sich ein Auto, ein Radfahrer oder Fu\u00dfg\u00e4nger dem Hauseingang n\u00e4hert, schaltet sich die Leuchte ein. So finden Sie und Ihre G\u00e4ste den Weg zum Haus jederzeit beleuchtet vor. <strong>Eine Solarleuchte mit Bewegungsmelder sch\u00fctzt Ihr Haus zudem vor Einbrechern<\/strong>: Wird die T\u00fcr hell beleuchtet, macht sich kaum ein Langfinger am fest verschlossenen T\u00fcrschloss zu schaffen. Schlie\u00dflich steht er im Rampenlicht &#8211; und das m\u00f6gen dunkle Gestalten nicht. Soll die Solarleuchte am Eingang st\u00e4ndig w\u00e4hrend der Dunkelheit brennen, w\u00e4hlen Sie einfach eine Leuchte mit Tag\/ Nacht-Sensor. D\u00e4mmert es am Abend, schaltet dieser die Lampe ein und wird es morgens hell, auch automatisch wieder aus.<\/p>\n\n\n\n\n\n\n<figure class=\"wp-block-pullquote is-style-default\" style=\"border-color:#000000\"><blockquote class=\"has-text-color has-black-color\"><p>Entdecken Sie in unserem <a href=\"https:\/\/www.solarversand.de\/\">Onlineshop<\/a> einzigartige Produkte und bringen Sie Ihren Garten auch im Winter zum leuchten!<\/p><cite>Michael Englert, Gesch\u00e4ftsf\u00fchrer esotec GmbH<\/cite><\/blockquote><\/figure>\n\n\n\n<div class=\"wp-block-cover has-background-dim-30 has-background-dim\"><img decoding=\"async\" loading=\"lazy\" width=\"2560\" height=\"2560\" class=\"wp-block-cover__image-background wp-image-549\" alt=\"\" src=\"https:\/\/www.solarversand.de\/magazin\/wp-content\/uploads\/2021\/02\/102365-Solar-Firepot_AN_CMYK-scaled.jpg\" style=\"object-position:32% 88%\" data-object-fit=\"cover\" data-object-position=\"32% 88%\" srcset=\"https:\/\/www.solarversand.de\/magazin\/wp-content\/uploads\/2021\/02\/102365-Solar-Firepot_AN_CMYK-scaled.jpg 2560w, https:\/\/www.solarversand.de\/magazin\/wp-content\/uploads\/2021\/02\/102365-Solar-Firepot_AN_CMYK-600x600.jpg 600w, https:\/\/www.solarversand.de\/magazin\/wp-content\/uploads\/2021\/02\/102365-Solar-Firepot_AN_CMYK-1200x1200.jpg 1200w, https:\/\/www.solarversand.de\/magazin\/wp-content\/uploads\/2021\/02\/102365-Solar-Firepot_AN_CMYK-300x300.jpg 300w, https:\/\/www.solarversand.de\/magazin\/wp-content\/uploads\/2021\/02\/102365-Solar-Firepot_AN_CMYK-768x768.jpg 768w, https:\/\/www.solarversand.de\/magazin\/wp-content\/uploads\/2021\/02\/102365-Solar-Firepot_AN_CMYK-1536x1536.jpg 1536w, https:\/\/www.solarversand.de\/magazin\/wp-content\/uploads\/2021\/02\/102365-Solar-Firepot_AN_CMYK-2048x2048.jpg 2048w, https:\/\/www.solarversand.de\/magazin\/wp-content\/uploads\/2021\/02\/102365-Solar-Firepot_AN_CMYK-1024x1024.jpg 1024w\" sizes=\"(max-width: 2560px) 100vw, 2560px\" \/><div class=\"wp-block-cover__inner-container\">\n<div class=\"is-layout-flex wp-block-buttons\">\n<div class=\"wp-block-button is-style-outline\"><a class=\"wp-block-button__link has-white-color has-text-color\" href=\"https:\/\/www.solarversand.de\/solarleuchten\/\" style=\"border-radius:7px\" target=\"_blank\" rel=\"https:\/\/www.solarversand.de noopener\">Zum Solarleuchten Sortiment im Online Shop<\/a><\/div>\n<\/div>\n<\/div><\/div>\n\n\n\n<div style=\"height:43px\" aria-hidden=\"true\" class=\"wp-block-spacer\"><\/div>\n\n\n\n<h2 class=\"has-text-align-center\"><span class=\"ez-toc-section\" id=\"weitere_Beitraege\"><\/span>weitere Beitr\u00e4ge<span class=\"ez-toc-section-end\"><\/span><\/h2>\n\n\n\n<div style=\"height:26px\" aria-hidden=\"true\" class=\"wp-block-spacer\"><\/div>\n\n\n<ul class=\"wp-block-latest-posts__list is-grid columns-3 has-dates has-author wp-block-latest-posts\"><li><div class=\"wp-block-latest-posts__featured-image aligncenter\"><a href=\"https:\/\/www.solarversand.de\/magazin\/2910-2\/\" aria-label=\"Photovoltaischer Boiler\"><img width=\"600\" height=\"600\" src=\"https:\/\/www.solarversand.de\/magazin\/wp-content\/uploads\/2023\/02\/141102-fs-01_optimized-3-600x600.jpg\" class=\"attachment-medium size-medium wp-post-image\" alt=\"\" decoding=\"async\" loading=\"lazy\" style=\"\" srcset=\"https:\/\/www.solarversand.de\/magazin\/wp-content\/uploads\/2023\/02\/141102-fs-01_optimized-3-600x600.jpg 600w, https:\/\/www.solarversand.de\/magazin\/wp-content\/uploads\/2023\/02\/141102-fs-01_optimized-3-300x300.jpg 300w, https:\/\/www.solarversand.de\/magazin\/wp-content\/uploads\/2023\/02\/141102-fs-01_optimized-3-768x768.jpg 768w, https:\/\/www.solarversand.de\/magazin\/wp-content\/uploads\/2023\/02\/141102-fs-01_optimized-3.jpg 1000w\" sizes=\"(max-width: 600px) 100vw, 600px\" \/><\/a><\/div><a class=\"wp-block-latest-posts__post-title\" href=\"https:\/\/www.solarversand.de\/magazin\/2910-2\/\">Photovoltaischer Boiler<\/a><div class=\"wp-block-latest-posts__post-author\">von Matthias Englert<\/div><time datetime=\"2023-02-03T13:57:48+01:00\" class=\"wp-block-latest-posts__post-date\">3. Februar 2023<\/time><div class=\"wp-block-latest-posts__post-excerpt\">Auswahl der richtigen Boilergr\u00f6\u00dfe Den Fothermo Boiler gibt es in&nbsp;<u>[mehr lesen&hellip; ]<\/u><\/div><\/li>\n<li><div class=\"wp-block-latest-posts__featured-image aligncenter\"><a href=\"https:\/\/www.solarversand.de\/magazin\/energie-fuer-das-neue-logistikzentrum\/\" aria-label=\"Energie f\u00fcr das neue Logistikzentrum\"><img width=\"600\" height=\"600\" src=\"https:\/\/www.solarversand.de\/magazin\/wp-content\/uploads\/2022\/01\/Photovoltaik-Lager-3-7-1-600x600.jpg\" class=\"attachment-medium size-medium wp-post-image\" alt=\"Photovoltaik Anlage im neuen Logistikzentrum\" decoding=\"async\" loading=\"lazy\" style=\"\" srcset=\"https:\/\/www.solarversand.de\/magazin\/wp-content\/uploads\/2022\/01\/Photovoltaik-Lager-3-7-1-600x600.jpg 600w, https:\/\/www.solarversand.de\/magazin\/wp-content\/uploads\/2022\/01\/Photovoltaik-Lager-3-7-1-1200x1200.jpg 1200w, https:\/\/www.solarversand.de\/magazin\/wp-content\/uploads\/2022\/01\/Photovoltaik-Lager-3-7-1-300x300.jpg 300w, https:\/\/www.solarversand.de\/magazin\/wp-content\/uploads\/2022\/01\/Photovoltaik-Lager-3-7-1-768x768.jpg 768w, https:\/\/www.solarversand.de\/magazin\/wp-content\/uploads\/2022\/01\/Photovoltaik-Lager-3-7-1-1536x1536.jpg 1536w, https:\/\/www.solarversand.de\/magazin\/wp-content\/uploads\/2022\/01\/Photovoltaik-Lager-3-7-1-2048x2048.jpg 2048w\" sizes=\"(max-width: 600px) 100vw, 600px\" \/><\/a><\/div><a class=\"wp-block-latest-posts__post-title\" href=\"https:\/\/www.solarversand.de\/magazin\/energie-fuer-das-neue-logistikzentrum\/\">Energie f\u00fcr das neue Logistikzentrum<\/a><div class=\"wp-block-latest-posts__post-author\">von G\u00fcnter Englert<\/div><time datetime=\"2023-01-19T07:55:00+01:00\" class=\"wp-block-latest-posts__post-date\">19. Januar 2023<\/time><div class=\"wp-block-latest-posts__post-excerpt\">Als H\u00e4ndler von umweltfreundlichen Solarprodukten stehen wir nat\u00fcrlich auch in der Pflicht, unseren eigenen Strombedarf gr\u00f6\u00dftenteils mit Photovoltaikanlagen abzudecken.<\/div><\/li>\n<li><div class=\"wp-block-latest-posts__featured-image aligncenter\"><a href=\"https:\/\/www.solarversand.de\/magazin\/der-katalog-fuer-weihnachten\/\" aria-label=\"Der Katalog f\u00fcr die Weihnachtszeit!\"><img width=\"600\" height=\"600\" src=\"https:\/\/www.solarversand.de\/magazin\/wp-content\/uploads\/2022\/02\/Katalog-Weihnachten-22-2-600x600.jpg\" class=\"attachment-medium size-medium wp-post-image\" alt=\"Katalog Weihnachtszeit Solar\" decoding=\"async\" loading=\"lazy\" style=\"\" srcset=\"https:\/\/www.solarversand.de\/magazin\/wp-content\/uploads\/2022\/02\/Katalog-Weihnachten-22-2-600x600.jpg 600w, https:\/\/www.solarversand.de\/magazin\/wp-content\/uploads\/2022\/02\/Katalog-Weihnachten-22-2-1200x1200.jpg 1200w, https:\/\/www.solarversand.de\/magazin\/wp-content\/uploads\/2022\/02\/Katalog-Weihnachten-22-2-300x300.jpg 300w, https:\/\/www.solarversand.de\/magazin\/wp-content\/uploads\/2022\/02\/Katalog-Weihnachten-22-2-768x768.jpg 768w, https:\/\/www.solarversand.de\/magazin\/wp-content\/uploads\/2022\/02\/Katalog-Weihnachten-22-2-1536x1536.jpg 1536w, https:\/\/www.solarversand.de\/magazin\/wp-content\/uploads\/2022\/02\/Katalog-Weihnachten-22-2-2048x2048.jpg 2048w\" sizes=\"(max-width: 600px) 100vw, 600px\" \/><\/a><\/div><a class=\"wp-block-latest-posts__post-title\" href=\"https:\/\/www.solarversand.de\/magazin\/der-katalog-fuer-weihnachten\/\">Der Katalog f\u00fcr die Weihnachtszeit!<\/a><div class=\"wp-block-latest-posts__post-author\">von Benjamin Ebi<\/div><time datetime=\"2022-11-24T15:33:00+01:00\" class=\"wp-block-latest-posts__post-date\">24. November 2022<\/time><div class=\"wp-block-latest-posts__post-excerpt\">Lassen Sie sich fallen und tauchen Sie ein in unseren neuen Produktkatalog f\u00fcr die Weihnachtszeit. Es erwarten Sie viele Neuheiten und Ideen f\u00fcr Ihren eigenen Garten, den wir wieder mehr als Ort der Erholung betrachten sollten.<\/div><\/li>\n<\/ul>","protected":false},"excerpt":{"rendered":"<p>Wenn es Winter wird, bricht die D\u00e4mmerung schon fr\u00fch am Nachmittag herein und morgens wird es oft nicht richtig hell. In dieser Zeit sehnen sich die meisten Menschen nach Licht.<\/p>\n","protected":false},"author":9,"featured_media":559,"comment_status":"closed","ping_status":"closed","sticky":false,"template":"","format":"standard","meta":{"_mi_skip_tracking":false},"categories":[19],"tags":[],"acf":[],"aioseo_notices":[],"_links":{"self":[{"href":"https:\/\/www.solarversand.de\/magazin\/wp-json\/wp\/v2\/posts\/558"}],"collection":[{"href":"https:\/\/www.solarversand.de\/magazin\/wp-json\/wp\/v2\/posts"}],"about":[{"href":"https:\/\/www.solarversand.de\/magazin\/wp-json\/wp\/v2\/types\/post"}],"author":[{"embeddable":true,"href":"https:\/\/www.solarversand.de\/magazin\/wp-json\/wp\/v2\/users\/9"}],"replies":[{"embeddable":true,"href":"https:\/\/www.solarversand.de\/magazin\/wp-json\/wp\/v2\/comments?post=558"}],"version-history":[{"count":20,"href":"https:\/\/www.solarversand.de\/magazin\/wp-json\/wp\/v2\/posts\/558\/revisions"}],"predecessor-version":[{"id":2670,"href":"https:\/\/www.solarversand.de\/magazin\/wp-json\/wp\/v2\/posts\/558\/revisions\/2670"}],"wp:featuredmedia":[{"embeddable":true,"href":"https:\/\/www.solarversand.de\/magazin\/wp-json\/wp\/v2\/media\/559"}],"wp:attachment":[{"href":"https:\/\/www.solarversand.de\/magazin\/wp-json\/wp\/v2\/media?parent=558"}],"wp:term":[{"taxonomy":"category","embeddable":true,"href":"https:\/\/www.solarversand.de\/magazin\/wp-json\/wp\/v2\/categories?post=558"},{"taxonomy":"post_tag","embeddable":true,"href":"https:\/\/www.solarversand.de\/magazin\/wp-json\/wp\/v2\/tags?post=558"}],"curies":[{"name":"wp","href":"https:\/\/api.w.org\/{rel}","templated":true}]}}