{"id":468,"date":"2020-06-23T15:55:04","date_gmt":"2020-06-23T13:55:04","guid":{"rendered":"https:\/\/www.solarversand.de\/magazin\/?p=468"},"modified":"2021-11-04T09:49:04","modified_gmt":"2021-11-04T08:49:04","slug":"solar-dekoleuchten-im-garten","status":"publish","type":"post","link":"https:\/\/www.solarversand.de\/magazin\/solar-dekoleuchten-im-garten\/","title":{"rendered":"Solar Dekoleuchten f\u00fcr einen Garten zum Wohlf\u00fchlen"},"content":{"rendered":"\n<p class=\"has-text-align-center\">Angenehmes Licht sorgt nicht nur in den Wohnr\u00e4umen und im Haus f\u00fcr sch\u00f6nes Wohnen, sondern auch auf Balkon, Terrasse und im Garten. Mit den unterschiedlichen&nbsp;<a href=\"https:\/\/www.solarversand.de\/solarleuchten\/alle-solarlampen\/dekoleuchten\/\" target=\"_blank\" rel=\"noreferrer noopener\">Dekoleuchten<\/a>&nbsp;vom Solarversand schaffen Sie immer wieder unvergleichliche und neue Lichtinseln. Die Auswahl der Solarleuchten ist dabei riesig, es gibt sie in allen Farben, Formen und Stilen.&nbsp;&nbsp;<\/p>\n\n\n\n<figure class=\"wp-block-image size-large is-resized\"><img decoding=\"async\" loading=\"lazy\" src=\"https:\/\/www.solarversand.de\/magazin\/wp-content\/uploads\/2020\/06\/73-74-Set-Marmor-cmyk-kw-1200x580.jpg\" alt=\"Leuchtkugeln auf der Terrasse in einem sch\u00f6nen Ambiente\" class=\"wp-image-1023\" width=\"1200\" height=\"580\" srcset=\"https:\/\/www.solarversand.de\/magazin\/wp-content\/uploads\/2020\/06\/73-74-Set-Marmor-cmyk-kw-1200x580.jpg 1200w, https:\/\/www.solarversand.de\/magazin\/wp-content\/uploads\/2020\/06\/73-74-Set-Marmor-cmyk-kw-600x290.jpg 600w, https:\/\/www.solarversand.de\/magazin\/wp-content\/uploads\/2020\/06\/73-74-Set-Marmor-cmyk-kw-300x145.jpg 300w, https:\/\/www.solarversand.de\/magazin\/wp-content\/uploads\/2020\/06\/73-74-Set-Marmor-cmyk-kw-768x371.jpg 768w, https:\/\/www.solarversand.de\/magazin\/wp-content\/uploads\/2020\/06\/73-74-Set-Marmor-cmyk-kw-1536x742.jpg 1536w, https:\/\/www.solarversand.de\/magazin\/wp-content\/uploads\/2020\/06\/73-74-Set-Marmor-cmyk-kw-2048x990.jpg 2048w\" sizes=\"(max-width: 1200px) 100vw, 1200px\" \/><\/figure>\n\n\n\n<div class=\"is-layout-flow wp-block-group\"><div class=\"wp-block-group__inner-container\">\n<div id=\"ez-toc-container\" class=\"ez-toc-v2_0_37 counter-hierarchy ez-toc-counter ez-toc-grey ez-toc-container-direction\">\n<div class=\"ez-toc-title-container\">\n<p class=\"ez-toc-title\">Inhaltsverzeichnis<\/p>\n<span class=\"ez-toc-title-toggle\"><\/span><\/div>\n<nav><ul class='ez-toc-list ez-toc-list-level-1' ><li class='ez-toc-page-1 ez-toc-heading-level-2'><a class=\"ez-toc-link ez-toc-heading-1\" href=\"https:\/\/www.solarversand.de\/magazin\/solar-dekoleuchten-im-garten\/#Mit_der_Schoenheit_des_Lichtes_spielen\" title=\"Mit der Sch\u00f6nheit des Lichtes spielen\">Mit der Sch\u00f6nheit des Lichtes spielen<\/a><\/li><li class='ez-toc-page-1 ez-toc-heading-level-2'><a class=\"ez-toc-link ez-toc-heading-2\" href=\"https:\/\/www.solarversand.de\/magazin\/solar-dekoleuchten-im-garten\/#Die_richtige_Gartenbeleuchtung_ist_dekorativ\" title=\"Die richtige Gartenbeleuchtung ist dekorativ\">Die richtige Gartenbeleuchtung ist dekorativ<\/a><\/li><li class='ez-toc-page-1 ez-toc-heading-level-2'><a class=\"ez-toc-link ez-toc-heading-3\" href=\"https:\/\/www.solarversand.de\/magazin\/solar-dekoleuchten-im-garten\/#Energiesparende_Beleuchtung_spendet_Licht_zum_Wohlfuehlen\" title=\"Energiesparende Beleuchtung spendet Licht zum Wohlf\u00fchlen\">Energiesparende Beleuchtung spendet Licht zum Wohlf\u00fchlen<\/a><\/li><li class='ez-toc-page-1 ez-toc-heading-level-2'><a class=\"ez-toc-link ez-toc-heading-4\" href=\"https:\/\/www.solarversand.de\/magazin\/solar-dekoleuchten-im-garten\/#Mit_einer_Solarleuchte_Lichtinseln_im_Garten_schaffen\" title=\"Mit einer Solarleuchte Lichtinseln im Garten schaffen\">Mit einer Solarleuchte Lichtinseln im Garten schaffen<\/a><\/li><li class='ez-toc-page-1 ez-toc-heading-level-2'><a class=\"ez-toc-link ez-toc-heading-5\" href=\"https:\/\/www.solarversand.de\/magazin\/solar-dekoleuchten-im-garten\/#Solarleuchten_mit_LEDs_verbreiten_eine_Stimmung_wie_im_Sueden\" title=\"Solarleuchten mit LEDs verbreiten eine Stimmung wie im S\u00fcden\">Solarleuchten mit LEDs verbreiten eine Stimmung wie im S\u00fcden<\/a><\/li><li class='ez-toc-page-1 ez-toc-heading-level-2'><a class=\"ez-toc-link ez-toc-heading-6\" href=\"https:\/\/www.solarversand.de\/magazin\/solar-dekoleuchten-im-garten\/#Weitere_Beitraege\" title=\"Weitere Beitr\u00e4ge\">Weitere Beitr\u00e4ge<\/a><\/li><\/ul><\/nav><\/div>\n<h2 class=\"has-text-align-center\"><span class=\"ez-toc-section\" id=\"Mit_der_Schoenheit_des_Lichtes_spielen\"><\/span>Mit der Sch\u00f6nheit des Lichtes spielen<span class=\"ez-toc-section-end\"><\/span><\/h2>\n<\/div><\/div>\n\n\n\n<p class=\"has-text-align-center\">Seit der Erfindung der Tiffany-Lampen f\u00fcr den Wohnbereich zu Beginn des zwanzigsten Jahrhunderts geh\u00f6ren Dekolauchten zum stilvollen Wohnen dazu. Nach den filigranen Tiffany-Lampen im Jugendstil folgten immer wieder neue Leuchten in neuen Stilen, jede Generation hatte gewisserma\u00dfen ihre eigene Dekoleuchte, wie beispielsweise die Lavalampe, die in den 90er Jahren wohl in jedem Jugendzimmer zu finden war. Kleine Tischleuchten, Steh- und&nbsp;<a href=\"https:\/\/www.solarversand.de\/solarleuchten\/alle-solarlampen\/haengeleuchten\/\" target=\"_blank\" rel=\"noreferrer noopener\">H\u00e4ngeleuchten<\/a>&nbsp;und&nbsp;<a href=\"https:\/\/www.solarversand.de\/solarleuchten\/alle-solarlampen\/lichterketten\/\" target=\"_blank\" rel=\"noreferrer noopener\">Lichterketten<\/a>&nbsp;eignen sich wunderbar als Gartenleuchten, spenden Licht, wenn es langsam d\u00e4mmert und tauchen die kleine oder gro\u00dfe Gartenwelt in ihre sanften Strahlen. Besonders beliebt sind die bunten Regenbogenleuchten, die mit ihren Farbwechseln sch\u00f6ne Akzente im Dunkeln setzen und eine romantische Stimmung auf der Terrasse zaubern k\u00f6nnen. <strong>Lichter im Gartenteich verwandeln diesen in ein verwunschenes M\u00e4rchenreich<\/strong>, auch ein beleuchteter Brunnen beruhigt mit seinem geduldigen Pl\u00e4tschern und hilft bei der abendlichen Entspannung im Garten.&nbsp;<\/p>\n\n\n\n<figure class=\"is-layout-flex wp-block-gallery-2 wp-block-gallery columns-2 is-cropped\"><ul class=\"blocks-gallery-grid\"><li class=\"blocks-gallery-item\"><figure><img decoding=\"async\" loading=\"lazy\" width=\"1024\" height=\"1024\" src=\"https:\/\/www.solarversand.de\/magazin\/wp-content\/uploads\/2021\/02\/102676-ambiente-1-rgb-neu-kw-1024x1024.jpg\" alt=\"\" data-id=\"480\" data-link=\"https:\/\/www.solarversand.de\/magazin\/solar-dekoleuchten-im-garten\/102676-ambiente-1-rgb-neu-kw\/\" class=\"wp-image-480\" srcset=\"https:\/\/www.solarversand.de\/magazin\/wp-content\/uploads\/2021\/02\/102676-ambiente-1-rgb-neu-kw-1024x1024.jpg 1024w, https:\/\/www.solarversand.de\/magazin\/wp-content\/uploads\/2021\/02\/102676-ambiente-1-rgb-neu-kw-600x600.jpg 600w, https:\/\/www.solarversand.de\/magazin\/wp-content\/uploads\/2021\/02\/102676-ambiente-1-rgb-neu-kw-1200x1200.jpg 1200w, https:\/\/www.solarversand.de\/magazin\/wp-content\/uploads\/2021\/02\/102676-ambiente-1-rgb-neu-kw-300x300.jpg 300w, https:\/\/www.solarversand.de\/magazin\/wp-content\/uploads\/2021\/02\/102676-ambiente-1-rgb-neu-kw-768x768.jpg 768w, https:\/\/www.solarversand.de\/magazin\/wp-content\/uploads\/2021\/02\/102676-ambiente-1-rgb-neu-kw-1536x1536.jpg 1536w, https:\/\/www.solarversand.de\/magazin\/wp-content\/uploads\/2021\/02\/102676-ambiente-1-rgb-neu-kw-2048x2048.jpg 2048w\" sizes=\"(max-width: 1024px) 100vw, 1024px\" \/><\/figure><\/li><li class=\"blocks-gallery-item\"><figure><img decoding=\"async\" loading=\"lazy\" width=\"1024\" height=\"1024\" src=\"https:\/\/www.solarversand.de\/magazin\/wp-content\/uploads\/2021\/02\/102238-ambiente-rgb-1-1024x1024.jpg\" alt=\"\" data-id=\"481\" data-full-url=\"https:\/\/www.solarversand.de\/magazin\/wp-content\/uploads\/2021\/02\/102238-ambiente-rgb-1.jpg\" data-link=\"https:\/\/www.solarversand.de\/magazin\/solar-dekoleuchten-im-garten\/102238-ambiente-rgb-1\/\" class=\"wp-image-481\" srcset=\"https:\/\/www.solarversand.de\/magazin\/wp-content\/uploads\/2021\/02\/102238-ambiente-rgb-1-1024x1024.jpg 1024w, https:\/\/www.solarversand.de\/magazin\/wp-content\/uploads\/2021\/02\/102238-ambiente-rgb-1-600x600.jpg 600w, https:\/\/www.solarversand.de\/magazin\/wp-content\/uploads\/2021\/02\/102238-ambiente-rgb-1-1200x1200.jpg 1200w, https:\/\/www.solarversand.de\/magazin\/wp-content\/uploads\/2021\/02\/102238-ambiente-rgb-1-300x300.jpg 300w, https:\/\/www.solarversand.de\/magazin\/wp-content\/uploads\/2021\/02\/102238-ambiente-rgb-1-768x769.jpg 768w, https:\/\/www.solarversand.de\/magazin\/wp-content\/uploads\/2021\/02\/102238-ambiente-rgb-1-1536x1536.jpg 1536w, https:\/\/www.solarversand.de\/magazin\/wp-content\/uploads\/2021\/02\/102238-ambiente-rgb-1-2046x2048.jpg 2046w\" sizes=\"(max-width: 1024px) 100vw, 1024px\" \/><\/figure><\/li><\/ul><\/figure>\n\n\n\n<h2 class=\"has-text-align-center\"><span class=\"ez-toc-section\" id=\"Die_richtige_Gartenbeleuchtung_ist_dekorativ\"><\/span>Die richtige Gartenbeleuchtung ist dekorativ<span class=\"ez-toc-section-end\"><\/span><\/h2>\n\n\n\n<p class=\"has-text-align-center\">Wird der Garten im Fr\u00fchjahr auf die kommende Freiluftsaison vorbereitet, geh\u00f6rt auch die passende Beleuchtung der unterschiedlichen Pl\u00e4tze dazu. F\u00fcr Terrasse und Sitzplatz, f\u00fcr Treppen und Eing\u00e4nge zaubern die wunderbaren Dekoleuchten aus dem Solarversand eine heimelige Stimmung. Ankommende G\u00e4ste werden begr\u00fc\u00dft und wissen, dass sie sich hier ebenso wohlf\u00fchlen k\u00f6nnen, wie die Garteninhaber. Dabei spielt nicht nur die sch\u00f6ne Atmosph\u00e4re im Garten eine Rolle, die von den Gartenleuchten verbreitet wird, sondern <strong>die Leuchten sorgen gleichzeitig f\u00fcr die notwendige Sicherheit im Dunkeln<\/strong>. Praktischerweise brauchen <a href=\"https:\/\/www.solarversand.de\/solarleuchten\/\" target=\"_blank\" rel=\"noreferrer noopener\">Solarleuchten<\/a>&nbsp;weder Steckdose noch Kabel: Die Kraft der Sonne tankt tags\u00fcber den Akku auf, so dass der stimmungsvollen Leuchte im Dunkeln gen\u00fcgend Energie zur Verf\u00fcgung steht.&nbsp;<\/p>\n\n\n\n<figure class=\"wp-block-image size-large is-resized\"><img decoding=\"async\" loading=\"lazy\" src=\"https:\/\/www.solarversand.de\/magazin\/wp-content\/uploads\/2020\/06\/30-31-Setb-rgb-Ambiente-1200x585.jpg\" alt=\"Sch\u00f6ne Leuchtkugeln aus Metall\" class=\"wp-image-1025\" width=\"1200\" height=\"585\" srcset=\"https:\/\/www.solarversand.de\/magazin\/wp-content\/uploads\/2020\/06\/30-31-Setb-rgb-Ambiente-1200x585.jpg 1200w, https:\/\/www.solarversand.de\/magazin\/wp-content\/uploads\/2020\/06\/30-31-Setb-rgb-Ambiente-600x293.jpg 600w, https:\/\/www.solarversand.de\/magazin\/wp-content\/uploads\/2020\/06\/30-31-Setb-rgb-Ambiente-300x146.jpg 300w, https:\/\/www.solarversand.de\/magazin\/wp-content\/uploads\/2020\/06\/30-31-Setb-rgb-Ambiente-768x374.jpg 768w, https:\/\/www.solarversand.de\/magazin\/wp-content\/uploads\/2020\/06\/30-31-Setb-rgb-Ambiente-1536x749.jpg 1536w, https:\/\/www.solarversand.de\/magazin\/wp-content\/uploads\/2020\/06\/30-31-Setb-rgb-Ambiente-2048x999.jpg 2048w\" sizes=\"(max-width: 1200px) 100vw, 1200px\" \/><\/figure>\n\n\n\n<h2 class=\"has-text-align-center\"><span class=\"ez-toc-section\" id=\"Energiesparende_Beleuchtung_spendet_Licht_zum_Wohlfuehlen\"><\/span>Energiesparende Beleuchtung spendet Licht zum Wohlf\u00fchlen<span class=\"ez-toc-section-end\"><\/span><\/h2>\n\n\n\n<p class=\"has-text-align-center\">Jede Beleuchtung braucht die daf\u00fcr n\u00f6tige Energie. Doch Energie ist knapp und teuer &#8211; deswegen ist der wichtigste Trend dabei: Strom sparen. Zudem gehen <a href=\"https:\/\/www.solarversand.de\/solarleuchten\/\" target=\"_blank\" rel=\"noreferrer noopener\">sparsame Leuchten<\/a> nicht nur schonend mit dem eigenen Geld im Beutel um, <strong>sondern schonen gleichzeitig unsere Umwelt und leisten einen wichtigen Beitrag zum Umweltschutz<\/strong>. Die gro\u00dfe Auswahl an wirklich sch\u00f6ner und energiesparender Gartenbeleuchtung macht die Entscheidung nicht ganz einfach. Wenn Sie sich nicht zwischen den vielen dekorativen Leuchten entscheiden k\u00f6nnen, w\u00e4hlen Sie doch einfach mehrere Solarleuchten. Diese spenden Ihnen den ganzen langen Abend mildes Wohlf\u00fchl-Licht, ohne Ihre Stromkosten dabei zu erh\u00f6hen.&nbsp;<\/p>\n\n\n\n<figure class=\"is-layout-flex wp-block-gallery-4 wp-block-gallery aligncenter columns-2 is-cropped\"><ul class=\"blocks-gallery-grid\"><li class=\"blocks-gallery-item\"><figure><img decoding=\"async\" loading=\"lazy\" width=\"1024\" height=\"1024\" src=\"https:\/\/www.solarversand.de\/magazin\/wp-content\/uploads\/2021\/02\/102880-ambiente-3-rgb-2-1024x1024.jpg\" alt=\"\" data-id=\"491\" data-link=\"https:\/\/www.solarversand.de\/magazin\/solar-dekoleuchten-im-garten\/garden-3\/\" class=\"wp-image-491\" srcset=\"https:\/\/www.solarversand.de\/magazin\/wp-content\/uploads\/2021\/02\/102880-ambiente-3-rgb-2-1024x1024.jpg 1024w, https:\/\/www.solarversand.de\/magazin\/wp-content\/uploads\/2021\/02\/102880-ambiente-3-rgb-2-600x600.jpg 600w, https:\/\/www.solarversand.de\/magazin\/wp-content\/uploads\/2021\/02\/102880-ambiente-3-rgb-2-1200x1200.jpg 1200w, https:\/\/www.solarversand.de\/magazin\/wp-content\/uploads\/2021\/02\/102880-ambiente-3-rgb-2-300x300.jpg 300w, https:\/\/www.solarversand.de\/magazin\/wp-content\/uploads\/2021\/02\/102880-ambiente-3-rgb-2-768x768.jpg 768w, https:\/\/www.solarversand.de\/magazin\/wp-content\/uploads\/2021\/02\/102880-ambiente-3-rgb-2-1536x1536.jpg 1536w, https:\/\/www.solarversand.de\/magazin\/wp-content\/uploads\/2021\/02\/102880-ambiente-3-rgb-2-2048x2048.jpg 2048w\" sizes=\"(max-width: 1024px) 100vw, 1024px\" \/><\/figure><\/li><li class=\"blocks-gallery-item\"><figure><img decoding=\"async\" loading=\"lazy\" width=\"1024\" height=\"1024\" src=\"https:\/\/www.solarversand.de\/magazin\/wp-content\/uploads\/2021\/02\/102744-rgb-Ambiente2-1024x1024.jpg\" alt=\"\" data-id=\"492\" data-full-url=\"https:\/\/www.solarversand.de\/magazin\/wp-content\/uploads\/2021\/02\/102744-rgb-Ambiente2.jpg\" data-link=\"https:\/\/www.solarversand.de\/magazin\/solar-dekoleuchten-im-garten\/102744-rgb-ambiente2\/\" class=\"wp-image-492\" srcset=\"https:\/\/www.solarversand.de\/magazin\/wp-content\/uploads\/2021\/02\/102744-rgb-Ambiente2-1024x1024.jpg 1024w, https:\/\/www.solarversand.de\/magazin\/wp-content\/uploads\/2021\/02\/102744-rgb-Ambiente2-600x600.jpg 600w, https:\/\/www.solarversand.de\/magazin\/wp-content\/uploads\/2021\/02\/102744-rgb-Ambiente2-1200x1200.jpg 1200w, https:\/\/www.solarversand.de\/magazin\/wp-content\/uploads\/2021\/02\/102744-rgb-Ambiente2-300x300.jpg 300w, https:\/\/www.solarversand.de\/magazin\/wp-content\/uploads\/2021\/02\/102744-rgb-Ambiente2-768x768.jpg 768w, https:\/\/www.solarversand.de\/magazin\/wp-content\/uploads\/2021\/02\/102744-rgb-Ambiente2-1536x1536.jpg 1536w, https:\/\/www.solarversand.de\/magazin\/wp-content\/uploads\/2021\/02\/102744-rgb-Ambiente2-2048x2048.jpg 2048w\" sizes=\"(max-width: 1024px) 100vw, 1024px\" \/><\/figure><\/li><\/ul><\/figure>\n\n\n\n<div class=\"is-layout-flex wp-container-9 wp-block-columns\">\n<div class=\"is-layout-flow wp-block-column\" style=\"flex-basis:100%\">\n<h2 class=\"has-text-align-center\"><span class=\"ez-toc-section\" id=\"Mit_einer_Solarleuchte_Lichtinseln_im_Garten_schaffen\"><\/span>Mit einer Solarleuchte Lichtinseln im Garten schaffen<span class=\"ez-toc-section-end\"><\/span><\/h2>\n\n\n\n<p class=\"has-text-align-center\">Ob als <a href=\"https:\/\/www.solarversand.de\/solarleuchten\/alle-solarlampen\/stand-wegeleuchten\/\" target=\"_blank\" rel=\"noreferrer noopener\">Leuchten mit Erdspie\u00df<\/a>, die einfach dort in die Erde gesteckt werden k\u00f6nnen, wo sie ihr sanftes Licht spenden sollen, als <a href=\"https:\/\/www.solarversand.de\/solarleuchten\/alle-solarlampen\/leuchtkugeln\/\" target=\"_blank\" rel=\"noreferrer noopener\">dekorative Kugeln<\/a> auf dem Rasen oder im Staudenbeet, als <a href=\"https:\/\/www.solarversand.de\/solarleuchten\/alle-solarlampen\/lichterketten\/\" target=\"_blank\" rel=\"noreferrer noopener\">Lichterkette<\/a> in einem Baum oder unter dem Dach der Terrasse, es gibt viele M\u00f6glichkeiten, die kleinen Lichtspender im Garten einzusetzen. Sind die Leuchten mit einem Erdspie\u00df versehen, k\u00f6nnen sie nach Belieben platziert und auch wieder umgesteckt werden. So lassen sich ganz einfach immer wieder neue Lichtstimmungen zaubern. Ist ein Gartenteich vorhanden, kann auch dieser mit solarbetriebenen Leuchten f\u00fcr stimmungsvolle Akzente in der Dunkelheit sorgen. Unter diesen gibt es sogar <a href=\"https:\/\/www.solarversand.de\/solarleuchten\/alle-solarlampen\/unterwasserstrahler\/\" target=\"_blank\" rel=\"noreferrer noopener\">Teichleuchten<\/a>, die auch dann im Teich eingesetzt werden k\u00f6nnen, wenn sich in Diesem Fische befinden. Diese werden von den sanften Strahlen \u00fcberhaupt nicht beeintr\u00e4chtigt, ganz im Gegenteil. F\u00fcr die Gartenparty lassen sich Lichterketten in den Str\u00e4uchern und B\u00e4umen aufh\u00e4ngen, die f\u00fcr eine bunte Stimmung sorgen k\u00f6nnen.&nbsp;<\/p>\n\n\n\n<figure class=\"is-layout-flex wp-block-gallery-6 wp-block-gallery columns-2 is-cropped\"><ul class=\"blocks-gallery-grid\"><li class=\"blocks-gallery-item\"><figure><img decoding=\"async\" loading=\"lazy\" width=\"1024\" height=\"1024\" src=\"https:\/\/www.solarversand.de\/magazin\/wp-content\/uploads\/2021\/02\/102742-Solar-PIR-Standleuchte-ArezzoIR-Strahl_AN_CMYK-1024x1024.jpg\" alt=\"\" data-id=\"441\" class=\"wp-image-441\" srcset=\"https:\/\/www.solarversand.de\/magazin\/wp-content\/uploads\/2021\/02\/102742-Solar-PIR-Standleuchte-ArezzoIR-Strahl_AN_CMYK-1024x1024.jpg 1024w, https:\/\/www.solarversand.de\/magazin\/wp-content\/uploads\/2021\/02\/102742-Solar-PIR-Standleuchte-ArezzoIR-Strahl_AN_CMYK-600x600.jpg 600w, https:\/\/www.solarversand.de\/magazin\/wp-content\/uploads\/2021\/02\/102742-Solar-PIR-Standleuchte-ArezzoIR-Strahl_AN_CMYK-1200x1200.jpg 1200w, https:\/\/www.solarversand.de\/magazin\/wp-content\/uploads\/2021\/02\/102742-Solar-PIR-Standleuchte-ArezzoIR-Strahl_AN_CMYK-300x300.jpg 300w, https:\/\/www.solarversand.de\/magazin\/wp-content\/uploads\/2021\/02\/102742-Solar-PIR-Standleuchte-ArezzoIR-Strahl_AN_CMYK-768x768.jpg 768w, https:\/\/www.solarversand.de\/magazin\/wp-content\/uploads\/2021\/02\/102742-Solar-PIR-Standleuchte-ArezzoIR-Strahl_AN_CMYK-1536x1536.jpg 1536w, https:\/\/www.solarversand.de\/magazin\/wp-content\/uploads\/2021\/02\/102742-Solar-PIR-Standleuchte-ArezzoIR-Strahl_AN_CMYK-2048x2048.jpg 2048w\" sizes=\"(max-width: 1024px) 100vw, 1024px\" \/><\/figure><\/li><li class=\"blocks-gallery-item\"><figure><img decoding=\"async\" loading=\"lazy\" width=\"1024\" height=\"1024\" src=\"https:\/\/www.solarversand.de\/magazin\/wp-content\/uploads\/2021\/02\/20cm-kugel-rgb-1-1024x1024.jpg\" alt=\"\" data-id=\"493\" data-full-url=\"https:\/\/www.solarversand.de\/magazin\/wp-content\/uploads\/2021\/02\/20cm-kugel-rgb-1.jpg\" data-link=\"https:\/\/www.solarversand.de\/magazin\/solar-dekoleuchten-im-garten\/beautiful-stone-wall-and-steps-colorful-garden-curb-appeal\/\" class=\"wp-image-493\" srcset=\"https:\/\/www.solarversand.de\/magazin\/wp-content\/uploads\/2021\/02\/20cm-kugel-rgb-1-1024x1024.jpg 1024w, https:\/\/www.solarversand.de\/magazin\/wp-content\/uploads\/2021\/02\/20cm-kugel-rgb-1-600x600.jpg 600w, https:\/\/www.solarversand.de\/magazin\/wp-content\/uploads\/2021\/02\/20cm-kugel-rgb-1-1200x1200.jpg 1200w, https:\/\/www.solarversand.de\/magazin\/wp-content\/uploads\/2021\/02\/20cm-kugel-rgb-1-300x300.jpg 300w, https:\/\/www.solarversand.de\/magazin\/wp-content\/uploads\/2021\/02\/20cm-kugel-rgb-1-768x768.jpg 768w, https:\/\/www.solarversand.de\/magazin\/wp-content\/uploads\/2021\/02\/20cm-kugel-rgb-1-1536x1536.jpg 1536w, https:\/\/www.solarversand.de\/magazin\/wp-content\/uploads\/2021\/02\/20cm-kugel-rgb-1-2048x2048.jpg 2048w\" sizes=\"(max-width: 1024px) 100vw, 1024px\" \/><\/figure><\/li><\/ul><\/figure>\n\n\n\n<h2 class=\"has-text-align-center\"><span class=\"ez-toc-section\" id=\"Solarleuchten_mit_LEDs_verbreiten_eine_Stimmung_wie_im_Sueden\"><\/span>Solarleuchten mit LEDs verbreiten eine Stimmung wie im S\u00fcden<span class=\"ez-toc-section-end\"><\/span><\/h2>\n\n\n\n<p class=\"has-text-align-center\">Wer schon einmal im S\u00fcden war, schw\u00e4rmt noch lange von den lauen N\u00e4chten, in denen die Menschen lange auf den Pl\u00e4tzen sitzen, miteinander schw\u00e4tzen und einfach die Zeit vor\u00fcberziehen lassen. Dort spenden Laternen, Kerzen und dekorative Lampen genauso viel Licht, wie unbedingt n\u00f6tig ist. Im Solarversand finden Sie eine gro\u00dfe Auswahl an modernen&nbsp;<a href=\"https:\/\/www.solarversand.de\/led-leuchten\/\" target=\"_blank\" rel=\"noreferrer noopener\">LED-Leuchten<\/a>, mit denen Sie in Ihrem Garten eine ebensolche Stimmung zaubern k\u00f6nnen. Dekorativ und funktionell zugleich reicht das Angebot von&nbsp;<a href=\"https:\/\/www.solarversand.de\/led-leuchten\/led-aussenleuchten\/wandleuchten\/\" target=\"_blank\" rel=\"noreferrer noopener\">Wandleuchten<\/a>&nbsp;\u00fcber Stehleuchten, Spots und <a href=\"https:\/\/www.solarversand.de\/solarleuchten\/alle-solarlampen\/solarstrahler\/\" target=\"_blank\" rel=\"noreferrer noopener\">Strahler<\/a>. Dekoleuchten sind sie alle: Einige von ihnen kommen schlicht und einfach daher, andere sind eher au\u00dfergew\u00f6hnliche Modelle, mit denen Sie bei Ihren G\u00e4sten Eindruck hinterlassen k\u00f6nnen. <strong>F\u00fcr besonders stimmungsvolles Licht sorgen die LED-Leuchten, die einen Farbwechsler integriert haben<\/strong>. Auf Wunsch wechseln diese Leuchten die Lichtfarbe &#8211; oder strahlen permanent in der Farbe, die gerade zu Ihrer Stimmung passt. Dank der gro\u00dfen Auswahl, die der Solarversand bietet, finden Sie garantiert die passende Beleuchtung f\u00fcr Ihren ganz individuellen Stil im Garten. <strong>Die LED-Leuchten funktionieren \u00fcbrigens ebenso ohne Strom und Kabel, sondern werden mit solarbetriebenem Akku mit der n\u00f6tigen Energie versorgt<\/strong>. Leuchtst\u00e4be k\u00f6nnen Wege markieren, andere LED-Leuchten erhellen den beliebten Sitzplatz unter dem Kirschbaum, wenn die Nachbarn und Freunde zum Grillen vorbeikommen. Falls Ihre Einfahrt oder die Gartenwege gepflastert sind, k\u00f6nnen Sie zwischen die normalen Pflastersteine Solar-Pflastersteine setzen: Diese zeigen den Weg und sorgen f\u00fcr ein ganz besonderes Highlight im Garten.<\/p>\n\n\n\n<\/div>\n<\/div>\n\n\n\n<div class=\"wp-block-cover aligncenter has-background-dim-30 has-background-dim\"><img decoding=\"async\" loading=\"lazy\" width=\"2500\" height=\"2500\" class=\"wp-block-cover__image-background wp-image-141\" alt=\"\" src=\"https:\/\/www.solarversand.de\/magazin\/wp-content\/uploads\/2021\/02\/50cm-Kugel-rgb-1.jpg\" style=\"object-position:58% 54%\" data-object-fit=\"cover\" data-object-position=\"58% 54%\" srcset=\"https:\/\/www.solarversand.de\/magazin\/wp-content\/uploads\/2021\/02\/50cm-Kugel-rgb-1.jpg 2500w, https:\/\/www.solarversand.de\/magazin\/wp-content\/uploads\/2021\/02\/50cm-Kugel-rgb-1-600x600.jpg 600w, https:\/\/www.solarversand.de\/magazin\/wp-content\/uploads\/2021\/02\/50cm-Kugel-rgb-1-1200x1200.jpg 1200w, https:\/\/www.solarversand.de\/magazin\/wp-content\/uploads\/2021\/02\/50cm-Kugel-rgb-1-300x300.jpg 300w, https:\/\/www.solarversand.de\/magazin\/wp-content\/uploads\/2021\/02\/50cm-Kugel-rgb-1-768x768.jpg 768w, https:\/\/www.solarversand.de\/magazin\/wp-content\/uploads\/2021\/02\/50cm-Kugel-rgb-1-1536x1536.jpg 1536w, https:\/\/www.solarversand.de\/magazin\/wp-content\/uploads\/2021\/02\/50cm-Kugel-rgb-1-2048x2048.jpg 2048w, https:\/\/www.solarversand.de\/magazin\/wp-content\/uploads\/2021\/02\/50cm-Kugel-rgb-1-1024x1024.jpg 1024w, https:\/\/www.solarversand.de\/magazin\/wp-content\/uploads\/2021\/02\/50cm-Kugel-rgb-1-150x150.jpg 150w\" sizes=\"(max-width: 2500px) 100vw, 2500px\" \/><div class=\"wp-block-cover__inner-container\">\n<div class=\"is-layout-flex wp-block-buttons\">\n<div class=\"wp-block-button is-style-outline\"><a class=\"wp-block-button__link has-white-color has-text-color\" href=\"https:\/\/www.solarversand.de\/solarleuchten\/\" style=\"border-radius:7px\" target=\"_blank\" rel=\"https:\/\/www.solarversand.de noopener\">Zum Leuchten Sortiment im Online Shop<\/a><\/div>\n<\/div>\n<\/div><\/div>\n\n\n\n<div style=\"height:43px\" aria-hidden=\"true\" class=\"wp-block-spacer\"><\/div>\n\n\n\n<h2 class=\"has-text-align-center\"><span class=\"ez-toc-section\" id=\"Weitere_Beitraege\"><\/span>Weitere Beitr\u00e4ge<span class=\"ez-toc-section-end\"><\/span><\/h2>\n\n\n\n<div style=\"height:26px\" aria-hidden=\"true\" class=\"wp-block-spacer\"><\/div>\n\n\n<ul class=\"wp-block-latest-posts__list is-grid columns-3 has-dates has-author wp-block-latest-posts\"><li><div class=\"wp-block-latest-posts__featured-image aligncenter\"><a href=\"https:\/\/www.solarversand.de\/magazin\/2910-2\/\" aria-label=\"Photovoltaischer Boiler\"><img width=\"600\" height=\"600\" src=\"https:\/\/www.solarversand.de\/magazin\/wp-content\/uploads\/2023\/02\/141102-fs-01_optimized-3-600x600.jpg\" class=\"attachment-medium size-medium wp-post-image\" alt=\"\" decoding=\"async\" loading=\"lazy\" style=\"\" srcset=\"https:\/\/www.solarversand.de\/magazin\/wp-content\/uploads\/2023\/02\/141102-fs-01_optimized-3-600x600.jpg 600w, https:\/\/www.solarversand.de\/magazin\/wp-content\/uploads\/2023\/02\/141102-fs-01_optimized-3-300x300.jpg 300w, https:\/\/www.solarversand.de\/magazin\/wp-content\/uploads\/2023\/02\/141102-fs-01_optimized-3-768x768.jpg 768w, https:\/\/www.solarversand.de\/magazin\/wp-content\/uploads\/2023\/02\/141102-fs-01_optimized-3.jpg 1000w\" sizes=\"(max-width: 600px) 100vw, 600px\" \/><\/a><\/div><a class=\"wp-block-latest-posts__post-title\" href=\"https:\/\/www.solarversand.de\/magazin\/2910-2\/\">Photovoltaischer Boiler<\/a><div class=\"wp-block-latest-posts__post-author\">von Matthias Englert<\/div><time datetime=\"2023-02-03T13:57:48+01:00\" class=\"wp-block-latest-posts__post-date\">3. Februar 2023<\/time><div class=\"wp-block-latest-posts__post-excerpt\">Auswahl der richtigen Boilergr\u00f6\u00dfe Den Fothermo Boiler gibt es in&nbsp;<u>[mehr lesen&hellip; ]<\/u><\/div><\/li>\n<li><div class=\"wp-block-latest-posts__featured-image aligncenter\"><a href=\"https:\/\/www.solarversand.de\/magazin\/energie-fuer-das-neue-logistikzentrum\/\" aria-label=\"Energie f\u00fcr das neue Logistikzentrum\"><img width=\"600\" height=\"600\" src=\"https:\/\/www.solarversand.de\/magazin\/wp-content\/uploads\/2022\/01\/Photovoltaik-Lager-3-7-1-600x600.jpg\" class=\"attachment-medium size-medium wp-post-image\" alt=\"Photovoltaik Anlage im neuen Logistikzentrum\" decoding=\"async\" loading=\"lazy\" style=\"\" srcset=\"https:\/\/www.solarversand.de\/magazin\/wp-content\/uploads\/2022\/01\/Photovoltaik-Lager-3-7-1-600x600.jpg 600w, https:\/\/www.solarversand.de\/magazin\/wp-content\/uploads\/2022\/01\/Photovoltaik-Lager-3-7-1-1200x1200.jpg 1200w, https:\/\/www.solarversand.de\/magazin\/wp-content\/uploads\/2022\/01\/Photovoltaik-Lager-3-7-1-300x300.jpg 300w, https:\/\/www.solarversand.de\/magazin\/wp-content\/uploads\/2022\/01\/Photovoltaik-Lager-3-7-1-768x768.jpg 768w, https:\/\/www.solarversand.de\/magazin\/wp-content\/uploads\/2022\/01\/Photovoltaik-Lager-3-7-1-1536x1536.jpg 1536w, https:\/\/www.solarversand.de\/magazin\/wp-content\/uploads\/2022\/01\/Photovoltaik-Lager-3-7-1-2048x2048.jpg 2048w\" sizes=\"(max-width: 600px) 100vw, 600px\" \/><\/a><\/div><a class=\"wp-block-latest-posts__post-title\" href=\"https:\/\/www.solarversand.de\/magazin\/energie-fuer-das-neue-logistikzentrum\/\">Energie f\u00fcr das neue Logistikzentrum<\/a><div class=\"wp-block-latest-posts__post-author\">von G\u00fcnter Englert<\/div><time datetime=\"2023-01-19T07:55:00+01:00\" class=\"wp-block-latest-posts__post-date\">19. Januar 2023<\/time><div class=\"wp-block-latest-posts__post-excerpt\">Als H\u00e4ndler von umweltfreundlichen Solarprodukten stehen wir nat\u00fcrlich auch in der Pflicht, unseren eigenen Strombedarf gr\u00f6\u00dftenteils mit Photovoltaikanlagen abzudecken.<\/div><\/li>\n<li><div class=\"wp-block-latest-posts__featured-image aligncenter\"><a href=\"https:\/\/www.solarversand.de\/magazin\/der-katalog-fuer-weihnachten\/\" aria-label=\"Der Katalog f\u00fcr die Weihnachtszeit!\"><img width=\"600\" height=\"600\" src=\"https:\/\/www.solarversand.de\/magazin\/wp-content\/uploads\/2022\/02\/Katalog-Weihnachten-22-2-600x600.jpg\" class=\"attachment-medium size-medium wp-post-image\" alt=\"Katalog Weihnachtszeit Solar\" decoding=\"async\" loading=\"lazy\" style=\"\" srcset=\"https:\/\/www.solarversand.de\/magazin\/wp-content\/uploads\/2022\/02\/Katalog-Weihnachten-22-2-600x600.jpg 600w, https:\/\/www.solarversand.de\/magazin\/wp-content\/uploads\/2022\/02\/Katalog-Weihnachten-22-2-1200x1200.jpg 1200w, https:\/\/www.solarversand.de\/magazin\/wp-content\/uploads\/2022\/02\/Katalog-Weihnachten-22-2-300x300.jpg 300w, https:\/\/www.solarversand.de\/magazin\/wp-content\/uploads\/2022\/02\/Katalog-Weihnachten-22-2-768x768.jpg 768w, https:\/\/www.solarversand.de\/magazin\/wp-content\/uploads\/2022\/02\/Katalog-Weihnachten-22-2-1536x1536.jpg 1536w, https:\/\/www.solarversand.de\/magazin\/wp-content\/uploads\/2022\/02\/Katalog-Weihnachten-22-2-2048x2048.jpg 2048w\" sizes=\"(max-width: 600px) 100vw, 600px\" \/><\/a><\/div><a class=\"wp-block-latest-posts__post-title\" href=\"https:\/\/www.solarversand.de\/magazin\/der-katalog-fuer-weihnachten\/\">Der Katalog f\u00fcr die Weihnachtszeit!<\/a><div class=\"wp-block-latest-posts__post-author\">von Benjamin Ebi<\/div><time datetime=\"2022-11-24T15:33:00+01:00\" class=\"wp-block-latest-posts__post-date\">24. November 2022<\/time><div class=\"wp-block-latest-posts__post-excerpt\">Lassen Sie sich fallen und tauchen Sie ein in unseren neuen Produktkatalog f\u00fcr die Weihnachtszeit. Es erwarten Sie viele Neuheiten und Ideen f\u00fcr Ihren eigenen Garten, den wir wieder mehr als Ort der Erholung betrachten sollten.<\/div><\/li>\n<\/ul>","protected":false},"excerpt":{"rendered":"<p>Angenehmes Licht sorgt nicht nur in den Wohnr\u00e4umen und im Haus f\u00fcr sch\u00f6nes Wohnen, sondern auch auf Balkon, Terrasse und im Garten. Mit den unterschiedlichen Dekoleuchten vom Solarversand schaffen Sie immer wieder unvergleichliche und neue Lichtinseln.<\/p>\n","protected":false},"author":9,"featured_media":492,"comment_status":"closed","ping_status":"open","sticky":false,"template":"","format":"standard","meta":{"_mi_skip_tracking":false},"categories":[19],"tags":[],"acf":[],"aioseo_notices":[],"_links":{"self":[{"href":"https:\/\/www.solarversand.de\/magazin\/wp-json\/wp\/v2\/posts\/468"}],"collection":[{"href":"https:\/\/www.solarversand.de\/magazin\/wp-json\/wp\/v2\/posts"}],"about":[{"href":"https:\/\/www.solarversand.de\/magazin\/wp-json\/wp\/v2\/types\/post"}],"author":[{"embeddable":true,"href":"https:\/\/www.solarversand.de\/magazin\/wp-json\/wp\/v2\/users\/9"}],"replies":[{"embeddable":true,"href":"https:\/\/www.solarversand.de\/magazin\/wp-json\/wp\/v2\/comments?post=468"}],"version-history":[{"count":25,"href":"https:\/\/www.solarversand.de\/magazin\/wp-json\/wp\/v2\/posts\/468\/revisions"}],"predecessor-version":[{"id":2714,"href":"https:\/\/www.solarversand.de\/magazin\/wp-json\/wp\/v2\/posts\/468\/revisions\/2714"}],"wp:featuredmedia":[{"embeddable":true,"href":"https:\/\/www.solarversand.de\/magazin\/wp-json\/wp\/v2\/media\/492"}],"wp:attachment":[{"href":"https:\/\/www.solarversand.de\/magazin\/wp-json\/wp\/v2\/media?parent=468"}],"wp:term":[{"taxonomy":"category","embeddable":true,"href":"https:\/\/www.solarversand.de\/magazin\/wp-json\/wp\/v2\/categories?post=468"},{"taxonomy":"post_tag","embeddable":true,"href":"https:\/\/www.solarversand.de\/magazin\/wp-json\/wp\/v2\/tags?post=468"}],"curies":[{"name":"wp","href":"https:\/\/api.w.org\/{rel}","templated":true}]}}