{"id":370,"date":"2020-04-12T18:00:00","date_gmt":"2020-04-12T16:00:00","guid":{"rendered":"https:\/\/www.solarversand.de\/magazin\/?p=370"},"modified":"2021-11-04T09:57:55","modified_gmt":"2021-11-04T08:57:55","slug":"led-leuchten-formschoen-und-effizient","status":"publish","type":"post","link":"https:\/\/www.solarversand.de\/magazin\/led-leuchten-formschoen-und-effizient\/","title":{"rendered":"LED Leuchten &#8211; Formsch\u00f6n und effizient"},"content":{"rendered":"\n<p class=\"has-text-align-center\">Ist der kalte, nasse und viel zu lange Winter endlich vorbei, ist jeder froh, wenn es langsam w\u00e4rmer wird und es abends l\u00e4nger hell bleibt. Dann kommt auch der Garten wieder zu seiner Ehre und wird gerne als erweitertes Wohnzimmer genutzt. Ob bei romantischen Stunden zu zweit unter dem Rosenbogen, bei einem Sommerfest mit der ganzen Familie oder einem Grillabend mit den besten Freunden &#8211; der heimische Garten ist Ort zum R\u00fcckzug und zur Entspannung zugleich. Bis es jedoch Hochsommer ist, bleibt gen\u00fcgend Zeit f\u00fcr die Vorbereitungen, mit denen der Garten zu jeder Tageszeit ein willkommener Erholungsort wird. Stimmungsvolle&nbsp;<a href=\"https:\/\/www.solarversand.de\/led-leuchten\/led-aussenleuchten\/\" target=\"_blank\" rel=\"noreferrer noopener\">LED Au\u00dfenleuchten<\/a>&nbsp;setzen nicht nur die Sitzgruppe, sondern auch einzelne Teile des Gartens gekonnt in Szene. Unter der \u00fcberdachten Veranda k\u00f6nnen auch <a href=\"https:\/\/www.solarversand.de\/led-leuchten-230v\/led-innenleuchten\/\" target=\"_blank\" rel=\"noreferrer noopener\">LED Innenleuchten<\/a> f\u00fcr ein heimeliges Ambiente sorgen. Dann k\u00f6nnen die lauen Sommerabende kommen und werden mit den LED Leuchten geschickt verl\u00e4ngert.&nbsp;<\/p>\n\n\n\n<figure class=\"wp-block-image size-large\"><img decoding=\"async\" loading=\"lazy\" width=\"1201\" height=\"853\" src=\"https:\/\/www.solarversand.de\/magazin\/wp-content\/uploads\/2020\/04\/102510-5.jpg\" alt=\"Sch\u00f6ne Wandleuchte Strahler\n\" class=\"wp-image-1001\" srcset=\"https:\/\/www.solarversand.de\/magazin\/wp-content\/uploads\/2020\/04\/102510-5.jpg 1201w, https:\/\/www.solarversand.de\/magazin\/wp-content\/uploads\/2020\/04\/102510-5-600x426.jpg 600w, https:\/\/www.solarversand.de\/magazin\/wp-content\/uploads\/2020\/04\/102510-5-300x213.jpg 300w, https:\/\/www.solarversand.de\/magazin\/wp-content\/uploads\/2020\/04\/102510-5-768x545.jpg 768w\" sizes=\"(max-width: 1201px) 100vw, 1201px\" \/><\/figure>\n\n\n\n<figure class=\"is-layout-flex wp-block-gallery-1 wp-block-gallery columns-2 is-cropped\"><ul class=\"blocks-gallery-grid\"><li class=\"blocks-gallery-item\"><figure><img decoding=\"async\" loading=\"lazy\" width=\"1024\" height=\"1024\" src=\"https:\/\/www.solarversand.de\/magazin\/wp-content\/uploads\/2021\/02\/102880-ambiente-3-rgb-1-1024x1024.jpg\" alt=\"\" data-id=\"390\" data-full-url=\"https:\/\/www.solarversand.de\/magazin\/wp-content\/uploads\/2021\/02\/102880-ambiente-3-rgb-1.jpg\" data-link=\"https:\/\/www.solarversand.de\/magazin\/led-leuchten-formschoen-und-effizient\/garden-2\/\" class=\"wp-image-390\" srcset=\"https:\/\/www.solarversand.de\/magazin\/wp-content\/uploads\/2021\/02\/102880-ambiente-3-rgb-1-1024x1024.jpg 1024w, https:\/\/www.solarversand.de\/magazin\/wp-content\/uploads\/2021\/02\/102880-ambiente-3-rgb-1-600x600.jpg 600w, https:\/\/www.solarversand.de\/magazin\/wp-content\/uploads\/2021\/02\/102880-ambiente-3-rgb-1-1200x1200.jpg 1200w, https:\/\/www.solarversand.de\/magazin\/wp-content\/uploads\/2021\/02\/102880-ambiente-3-rgb-1-300x300.jpg 300w, https:\/\/www.solarversand.de\/magazin\/wp-content\/uploads\/2021\/02\/102880-ambiente-3-rgb-1-768x768.jpg 768w, https:\/\/www.solarversand.de\/magazin\/wp-content\/uploads\/2021\/02\/102880-ambiente-3-rgb-1-1536x1536.jpg 1536w, https:\/\/www.solarversand.de\/magazin\/wp-content\/uploads\/2021\/02\/102880-ambiente-3-rgb-1-2048x2048.jpg 2048w\" sizes=\"(max-width: 1024px) 100vw, 1024px\" \/><\/figure><\/li><li class=\"blocks-gallery-item\"><figure><img decoding=\"async\" loading=\"lazy\" width=\"1024\" height=\"1024\" src=\"https:\/\/www.solarversand.de\/magazin\/wp-content\/uploads\/2021\/02\/102748-rgb-ambiente-1-neu-1024x1024.jpg\" alt=\"\" data-id=\"385\" data-full-url=\"https:\/\/www.solarversand.de\/magazin\/wp-content\/uploads\/2021\/02\/102748-rgb-ambiente-1-neu.jpg\" data-link=\"https:\/\/www.solarversand.de\/magazin\/led-leuchten-formschoen-und-effizient\/gabionen-im-garten\/\" class=\"wp-image-385\" srcset=\"https:\/\/www.solarversand.de\/magazin\/wp-content\/uploads\/2021\/02\/102748-rgb-ambiente-1-neu-1024x1024.jpg 1024w, https:\/\/www.solarversand.de\/magazin\/wp-content\/uploads\/2021\/02\/102748-rgb-ambiente-1-neu-600x600.jpg 600w, https:\/\/www.solarversand.de\/magazin\/wp-content\/uploads\/2021\/02\/102748-rgb-ambiente-1-neu-1200x1200.jpg 1200w, https:\/\/www.solarversand.de\/magazin\/wp-content\/uploads\/2021\/02\/102748-rgb-ambiente-1-neu-300x300.jpg 300w, https:\/\/www.solarversand.de\/magazin\/wp-content\/uploads\/2021\/02\/102748-rgb-ambiente-1-neu-768x768.jpg 768w, https:\/\/www.solarversand.de\/magazin\/wp-content\/uploads\/2021\/02\/102748-rgb-ambiente-1-neu-1536x1536.jpg 1536w, https:\/\/www.solarversand.de\/magazin\/wp-content\/uploads\/2021\/02\/102748-rgb-ambiente-1-neu-2048x2048.jpg 2048w\" sizes=\"(max-width: 1024px) 100vw, 1024px\" \/><\/figure><\/li><\/ul><\/figure>\n\n\n\n<div class=\"is-layout-flow wp-block-group\"><div class=\"wp-block-group__inner-container\">\n<div id=\"ez-toc-container\" class=\"ez-toc-v2_0_37 counter-hierarchy ez-toc-counter ez-toc-grey ez-toc-container-direction\">\n<div class=\"ez-toc-title-container\">\n<p class=\"ez-toc-title\">Inhaltsverzeichnis<\/p>\n<span class=\"ez-toc-title-toggle\"><\/span><\/div>\n<nav><ul class='ez-toc-list ez-toc-list-level-1' ><li class='ez-toc-page-1 ez-toc-heading-level-2'><a class=\"ez-toc-link ez-toc-heading-1\" href=\"https:\/\/www.solarversand.de\/magazin\/led-leuchten-formschoen-und-effizient\/#Drei_pfiffige_Tipps_fuer_eine_wirkungsvolle_Beleuchtung_des_Gartens\" title=\"Drei pfiffige Tipps f\u00fcr eine wirkungsvolle Beleuchtung des Gartens:\">Drei pfiffige Tipps f\u00fcr eine wirkungsvolle Beleuchtung des Gartens:<\/a><\/li><li class='ez-toc-page-1 ez-toc-heading-level-2'><a class=\"ez-toc-link ez-toc-heading-2\" href=\"https:\/\/www.solarversand.de\/magazin\/led-leuchten-formschoen-und-effizient\/#Neue_Technologien_machen_es_moeglich\" title=\"Neue Technologien machen es m\u00f6glich\">Neue Technologien machen es m\u00f6glich<\/a><\/li><li class='ez-toc-page-1 ez-toc-heading-level-2'><a class=\"ez-toc-link ez-toc-heading-3\" href=\"https:\/\/www.solarversand.de\/magazin\/led-leuchten-formschoen-und-effizient\/#Mit_den_richtigen_Leuchten_strahlen_die_Wege_in_der_Dunkelheit\" title=\"Mit den richtigen Leuchten strahlen die Wege in der Dunkelheit&nbsp;\">Mit den richtigen Leuchten strahlen die Wege in der Dunkelheit&nbsp;<\/a><\/li><li class='ez-toc-page-1 ez-toc-heading-level-2'><a class=\"ez-toc-link ez-toc-heading-4\" href=\"https:\/\/www.solarversand.de\/magazin\/led-leuchten-formschoen-und-effizient\/#Weitere_Beitraege\" title=\"Weitere Beitr\u00e4ge\">Weitere Beitr\u00e4ge<\/a><\/li><\/ul><\/nav><\/div>\n<h2 class=\"has-text-align-center\"><span class=\"ez-toc-section\" id=\"Drei_pfiffige_Tipps_fuer_eine_wirkungsvolle_Beleuchtung_des_Gartens\"><\/span><strong>Drei pfiffige Tipps f\u00fcr eine wirkungsvolle Beleuchtung des Gartens:<\/strong><span class=\"ez-toc-section-end\"><\/span><\/h2>\n<\/div><\/div>\n\n\n\n<h4 class=\"has-text-align-center\">1. Die Pflanzen im Garten beleuchten<\/h4>\n\n\n\n<p class=\"has-text-align-center\">Die Natur kommt mit unglaublich vielen Farben und Formen daher: Manche Pflanzen verzaubern mit ihren raffinierten Bl\u00e4ttern und Pr\u00e4chtige Blumen verspr\u00fchen alle Farben der Welt. Selbst die nat\u00fcrlichen Oberfl\u00e4chen der H\u00f6lzer bieten immer wieder neue Akzente. <strong>Mit geschickt eingesetztem Licht lassen sich die vielf\u00e4ltigen Strukturen und organischen Formen aus der Natur nicht nur unterstreichen, sondern ganz speziell betonen<\/strong>. Eine <a href=\"https:\/\/www.solarversand.de\/led-leuchten-230v\/led-aussenleuchten\/\" target=\"_blank\" rel=\"noreferrer noopener\">LED Au\u00dfenleuchte<\/a>, die ihr Licht in den Abendstunden in die Krone einer Birke schickt, schafft aus dieser ein nat\u00fcrliches Kunstwerk. Mit Scheinwerfern und Strahlern wird jeder Strauch, jeder Baum oder auch die Blumenbeete zu einem Blickfang, der ungeahnte Akzente setzt. <strong>Daf\u00fcr sind die entsprechenden LED Au\u00dfenleuchten mit einem Erdspie\u00df versehen, der ihren Einsatz besonders flexibel macht<\/strong>. So kann jeder Einfall ganz spontan verwirklicht werden und es werden immer wieder neue Stimmungen mit Licht und Pflanzen erzeugt. Hier sind die Pflanzen im Garten die Stars, die sich im Licht der\u00a0<a href=\"https:\/\/www.solarversand.de\/led-leuchten\/\" target=\"_blank\" rel=\"noreferrer noopener\">LED Leuchten<\/a>\u00a0sonnen.\u00a0<\/p>\n\n\n\n<h4 class=\"has-text-align-center\">2. Den Garten als erweiterten Wohnraum nutzen<\/h4>\n\n\n\n<p class=\"has-text-align-center\">Hierbei dient das Haus als Ausgangspunkt f\u00fcr den Garten als erweiterten Wohnraum. Aus einer Terrasse l\u00e4sst sich leicht eine gro\u00dfz\u00fcgige Wohnk\u00fcche gestalten, in der die willkommenen G\u00e4ste bewirtet werden k\u00f6nnen. Wird der Platz f\u00fcr den Grill geschickt gew\u00e4hlt, ziehen die Rauchschwaden ab und st\u00f6ren weder Sitzbereich noch Hausbewohner. Ist dieser Bereich \u00fcberdacht und regensicher, k\u00f6nnen formsch\u00f6ne\u00a0<a href=\"https:\/\/www.solarversand.de\/led-leuchten\/led-innenleuchten\/\" target=\"_blank\" rel=\"noreferrer noopener\">LED Innenleuchten<\/a>\u00a0f\u00fcr eine ausreichende Sicht auf den Grill sorgen.\u00a0<strong>Mit geschmackvollen Leuchten, die es l\u00e4ngst f\u00fcr den Au\u00dfenbereich gibt, kann eine gelungene Synthese aus Garten und Wohnung entstehen<\/strong>, in denen der Garten als weiterer Wohnraum und kaum mehr als ein Au\u00dfen wahrgenommen wird. Es gibt Stehleuchten f\u00fcr den Garten, die so wohnlich sind, dass sie auch im Wohnzimmer Platz finden k\u00f6nnten und drau\u00dfen ein wahrhaft ganzheitliches Ambiente schaffen.\u00a0<\/p>\n\n\n\n<h4 class=\"has-text-align-center\">3. Stilvolle Akzente mit Licht setzen<\/h4>\n\n\n\n<p class=\"has-text-align-center\">Neben der oben beschriebenen Pflanzenbeleuchtung k\u00f6nnen skulpturale Au\u00dfenleuchten im Garten in diesem eine besondere Stimmung durch ihre romantischen Akzente setzen. <strong>Runde Bodenleuchten k\u00f6nnen entweder einzeln oder in ganzen Gruppen platziert werden<\/strong>, so dass sie wie Lichtinseln im Garten wirken. Jeder Garten ist wertvoll \u2013 und so sollte er nachts auch nicht im Dunkeln bleiben. Dekorative Leuchten an den R\u00e4ndern der Beete und Rabatten wirken ebenso stimmungsvoll wie Lichtpunkte an den verschlungenen Wegen. Wer aus seinem Fenster auf den beleuchteten Garten schauen kann, genie\u00dft ein permanentes Schauspiel, das \u2013 je nach Gestaltung \u2013 durchaus surreal anmuten kann. Kombiniert werden in der Regel zwei unterschiedliche Konzepte, die Grundbeleuchtung und die Stimmungsbeleuchtung. <strong>W\u00e4hrend die Grundbeleuchtung die Wege mit Licht versorgt, so dass im Dunkeln niemand stolpert, erzeugt die Stimmungsbeleuchtung eine kontemplative und \u00e4sthetische Wirkung<\/strong>. Wer es schafft, beide so aufeinander abzustimmen, dass sie sich perfekt erg\u00e4nzen k\u00f6nnen, hat seinen Garten zum Wohnraum gestaltet.<\/p>\n\n\n\n<figure class=\"is-layout-flex wp-block-gallery-4 wp-block-gallery aligncenter columns-2 is-cropped\"><ul class=\"blocks-gallery-grid\"><li class=\"blocks-gallery-item\"><figure><img decoding=\"async\" loading=\"lazy\" width=\"1200\" height=\"1200\" src=\"https:\/\/www.solarversand.de\/magazin\/wp-content\/uploads\/2021\/02\/123-3-1200x1200.jpg\" alt=\"H\u00e4ngende Pflanzenleuchte\" data-id=\"382\" data-full-url=\"https:\/\/www.solarversand.de\/magazin\/wp-content\/uploads\/2021\/02\/123-3.jpg\" data-link=\"https:\/\/www.solarversand.de\/magazin\/led-leuchten-formschoen-und-effizient\/123-3\/\" class=\"wp-image-382\" srcset=\"https:\/\/www.solarversand.de\/magazin\/wp-content\/uploads\/2021\/02\/123-3-1200x1200.jpg 1200w, https:\/\/www.solarversand.de\/magazin\/wp-content\/uploads\/2021\/02\/123-3-600x600.jpg 600w, https:\/\/www.solarversand.de\/magazin\/wp-content\/uploads\/2021\/02\/123-3-300x300.jpg 300w, https:\/\/www.solarversand.de\/magazin\/wp-content\/uploads\/2021\/02\/123-3-768x768.jpg 768w, https:\/\/www.solarversand.de\/magazin\/wp-content\/uploads\/2021\/02\/123-3-1536x1536.jpg 1536w, https:\/\/www.solarversand.de\/magazin\/wp-content\/uploads\/2021\/02\/123-3-1024x1024.jpg 1024w, https:\/\/www.solarversand.de\/magazin\/wp-content\/uploads\/2021\/02\/123-3.jpg 1801w\" sizes=\"(max-width: 1200px) 100vw, 1200px\" \/><\/figure><\/li><li class=\"blocks-gallery-item\"><figure><img decoding=\"async\" loading=\"lazy\" width=\"1200\" height=\"1200\" src=\"https:\/\/www.solarversand.de\/magazin\/wp-content\/uploads\/2020\/01\/201177-LED-Standleuchte-Disc-Line-100-PIR_AN_CMYK-1200x1200.jpg\" alt=\"Standleuchte mit Bewegungsmelder\" data-id=\"967\" data-full-url=\"https:\/\/www.solarversand.de\/magazin\/wp-content\/uploads\/2020\/01\/201177-LED-Standleuchte-Disc-Line-100-PIR_AN_CMYK-scaled.jpg\" data-link=\"https:\/\/www.solarversand.de\/magazin\/solarleuchten-fuer-den-winter\/201177-led-standleuchte-disc-line-100-pir_an_cmyk\/\" class=\"wp-image-967\" srcset=\"https:\/\/www.solarversand.de\/magazin\/wp-content\/uploads\/2020\/01\/201177-LED-Standleuchte-Disc-Line-100-PIR_AN_CMYK-1200x1200.jpg 1200w, https:\/\/www.solarversand.de\/magazin\/wp-content\/uploads\/2020\/01\/201177-LED-Standleuchte-Disc-Line-100-PIR_AN_CMYK-600x600.jpg 600w, https:\/\/www.solarversand.de\/magazin\/wp-content\/uploads\/2020\/01\/201177-LED-Standleuchte-Disc-Line-100-PIR_AN_CMYK-300x300.jpg 300w, https:\/\/www.solarversand.de\/magazin\/wp-content\/uploads\/2020\/01\/201177-LED-Standleuchte-Disc-Line-100-PIR_AN_CMYK-768x768.jpg 768w, https:\/\/www.solarversand.de\/magazin\/wp-content\/uploads\/2020\/01\/201177-LED-Standleuchte-Disc-Line-100-PIR_AN_CMYK-1536x1536.jpg 1536w, https:\/\/www.solarversand.de\/magazin\/wp-content\/uploads\/2020\/01\/201177-LED-Standleuchte-Disc-Line-100-PIR_AN_CMYK-2048x2048.jpg 2048w\" sizes=\"(max-width: 1200px) 100vw, 1200px\" \/><\/figure><\/li><\/ul><\/figure>\n\n\n\n<h2 class=\"has-text-align-center\"><span class=\"ez-toc-section\" id=\"Neue_Technologien_machen_es_moeglich\"><\/span><strong>Neue Technologien machen es m\u00f6glich<\/strong><span class=\"ez-toc-section-end\"><\/span><\/h2>\n\n\n\n<p class=\"has-text-align-center\">Dank der neuen Technologien mit ihren <a href=\"https:\/\/www.solarversand.de\/led-leuchten-230v\/led-aussenleuchten\/\" target=\"_blank\" rel=\"noreferrer noopener\">sparsamen LED Au\u00dfenleuchten<\/a>, die gleichzeitig wetterfest sind, ist diese neue Art der Gartenbeleuchtung m\u00f6glich. Das Licht wirkt, auch wenn es nur dezent eingesetzt wird. W\u00e4hrend die Leuchten auf der Terrasse und den Sitzgruppen so sch\u00f6n und dekorativ wie Wohnleuchten sind, kommt es bei der Beleuchtung des Gartens nicht immer auf die Dekoration an. Hier z\u00e4hlt die Wirkung, wie beispielsweise bei den Einbauleuchten, die im Boden versenkt werden und die mit einem Lichtb\u00fcndel von unten nach oben leuchten. Auch die robusten Erdstrahler, die mit einem Spie\u00df einfach in die Erde gesteckt werden, zaubern aus der Rinde des Kirschbaumes eine Skulptur aus Licht und Schatten. Mit ihnen verwandelt sich eine Natursteinmauer in ein Bild und eine Wasserfont\u00e4ne im Teich fasziniert ebenso wie ein Kaminfeuer.&nbsp;<\/p>\n\n\n\n<figure class=\"is-layout-flex wp-block-gallery-6 wp-block-gallery aligncenter columns-2 is-cropped\"><ul class=\"blocks-gallery-grid\"><li class=\"blocks-gallery-item\"><figure><img decoding=\"async\" loading=\"lazy\" width=\"1024\" height=\"1024\" src=\"https:\/\/www.solarversand.de\/magazin\/wp-content\/uploads\/2021\/02\/102755-ambiente-rgb-neu-1-1024x1024.jpg\" alt=\"\" data-id=\"383\" data-full-url=\"https:\/\/www.solarversand.de\/magazin\/wp-content\/uploads\/2021\/02\/102755-ambiente-rgb-neu-1.jpg\" data-link=\"https:\/\/www.solarversand.de\/magazin\/led-leuchten-formschoen-und-effizient\/gartengestaltung-3\/\" class=\"wp-image-383\" srcset=\"https:\/\/www.solarversand.de\/magazin\/wp-content\/uploads\/2021\/02\/102755-ambiente-rgb-neu-1-1024x1024.jpg 1024w, https:\/\/www.solarversand.de\/magazin\/wp-content\/uploads\/2021\/02\/102755-ambiente-rgb-neu-1-600x600.jpg 600w, https:\/\/www.solarversand.de\/magazin\/wp-content\/uploads\/2021\/02\/102755-ambiente-rgb-neu-1-1200x1200.jpg 1200w, https:\/\/www.solarversand.de\/magazin\/wp-content\/uploads\/2021\/02\/102755-ambiente-rgb-neu-1-300x300.jpg 300w, https:\/\/www.solarversand.de\/magazin\/wp-content\/uploads\/2021\/02\/102755-ambiente-rgb-neu-1-768x768.jpg 768w, https:\/\/www.solarversand.de\/magazin\/wp-content\/uploads\/2021\/02\/102755-ambiente-rgb-neu-1-1536x1536.jpg 1536w, https:\/\/www.solarversand.de\/magazin\/wp-content\/uploads\/2021\/02\/102755-ambiente-rgb-neu-1-2048x2048.jpg 2048w\" sizes=\"(max-width: 1024px) 100vw, 1024px\" \/><\/figure><\/li><li class=\"blocks-gallery-item\"><figure><img decoding=\"async\" loading=\"lazy\" width=\"1024\" height=\"1024\" src=\"https:\/\/www.solarversand.de\/magazin\/wp-content\/uploads\/2021\/02\/201403-ambiente-rgb-2-1024x1024.jpg\" alt=\"\" data-id=\"391\" data-full-url=\"https:\/\/www.solarversand.de\/magazin\/wp-content\/uploads\/2021\/02\/201403-ambiente-rgb-2.jpg\" data-link=\"https:\/\/www.solarversand.de\/magazin\/led-leuchten-formschoen-und-effizient\/201403-ambiente-rgb-2\/\" class=\"wp-image-391\" srcset=\"https:\/\/www.solarversand.de\/magazin\/wp-content\/uploads\/2021\/02\/201403-ambiente-rgb-2-1024x1024.jpg 1024w, https:\/\/www.solarversand.de\/magazin\/wp-content\/uploads\/2021\/02\/201403-ambiente-rgb-2-600x600.jpg 600w, https:\/\/www.solarversand.de\/magazin\/wp-content\/uploads\/2021\/02\/201403-ambiente-rgb-2-1200x1200.jpg 1200w, https:\/\/www.solarversand.de\/magazin\/wp-content\/uploads\/2021\/02\/201403-ambiente-rgb-2-300x300.jpg 300w, https:\/\/www.solarversand.de\/magazin\/wp-content\/uploads\/2021\/02\/201403-ambiente-rgb-2-768x768.jpg 768w, https:\/\/www.solarversand.de\/magazin\/wp-content\/uploads\/2021\/02\/201403-ambiente-rgb-2-1536x1536.jpg 1536w, https:\/\/www.solarversand.de\/magazin\/wp-content\/uploads\/2021\/02\/201403-ambiente-rgb-2-2048x2048.jpg 2048w\" sizes=\"(max-width: 1024px) 100vw, 1024px\" \/><\/figure><\/li><\/ul><\/figure>\n\n\n\n<h2 class=\"has-text-align-center\"><span class=\"ez-toc-section\" id=\"Mit_den_richtigen_Leuchten_strahlen_die_Wege_in_der_Dunkelheit\"><\/span><strong><strong>Mit den richtigen Leuchten strahlen die Wege in der Dunkelheit<\/strong>&nbsp;<\/strong><span class=\"ez-toc-section-end\"><\/span><\/h2>\n\n\n\n<p class=\"has-text-align-center\">Kleine Zahlenspiele: Wird eine\u00a0<a href=\"https:\/\/www.solarversand.de\/led-leuchten\/\" target=\"_blank\" rel=\"noreferrer noopener\">LED-Leuchte<\/a>\u00a0statt einer Gl\u00fchbirne eingesetzt, kommt sie mit einem Zehntel der Energie aus. Au\u00dferdem halten diese Leuchten bis zu 50.000 Stunden. <strong>Brennt sie am Tag &#8211; oder in der Dunkelheit &#8211; sechs Stunden lang, w\u00e4ren das umgerechnet gut 23 Jahre<\/strong>. Dagegen h\u00e4lt eine Leuchtstofflampe etwa 18.000 Stunden, eine Halogenlampe 2.000 Stunden.\u00a0<\/p>\n\n\n\n<div class=\"is-layout-flex wp-container-9 wp-block-columns\">\n<div class=\"is-layout-flow wp-block-column\" style=\"flex-basis:100%\">\n<\/div>\n<\/div>\n\n\n\n<figure class=\"wp-block-pullquote is-style-default\" style=\"border-color:#000000\"><blockquote class=\"has-text-color has-black-color\"><p>Unser Ziel ist es unsere Kunden mit hochwertigen Produkten zufriedenzustellen.<\/p><cite>G\u00fcnter Englert, Gesch\u00e4ftsf\u00fchrer esotec GmbH<\/cite><\/blockquote><\/figure>\n\n\n\n<div class=\"wp-block-cover has-background-dim-30 has-background-dim\"><img decoding=\"async\" loading=\"lazy\" width=\"2500\" height=\"2500\" class=\"wp-block-cover__image-background wp-image-289\" alt=\"\" src=\"https:\/\/www.solarversand.de\/magazin\/wp-content\/uploads\/2021\/02\/102703-Solar-Floodlight-Pro-RGB_AN_Lichtfarbe-pink_CMYK_1_1.jpg\" style=\"object-position:52% 42%\" data-object-fit=\"cover\" data-object-position=\"52% 42%\" srcset=\"https:\/\/www.solarversand.de\/magazin\/wp-content\/uploads\/2021\/02\/102703-Solar-Floodlight-Pro-RGB_AN_Lichtfarbe-pink_CMYK_1_1.jpg 2500w, https:\/\/www.solarversand.de\/magazin\/wp-content\/uploads\/2021\/02\/102703-Solar-Floodlight-Pro-RGB_AN_Lichtfarbe-pink_CMYK_1_1-600x600.jpg 600w, https:\/\/www.solarversand.de\/magazin\/wp-content\/uploads\/2021\/02\/102703-Solar-Floodlight-Pro-RGB_AN_Lichtfarbe-pink_CMYK_1_1-1200x1200.jpg 1200w, https:\/\/www.solarversand.de\/magazin\/wp-content\/uploads\/2021\/02\/102703-Solar-Floodlight-Pro-RGB_AN_Lichtfarbe-pink_CMYK_1_1-300x300.jpg 300w, https:\/\/www.solarversand.de\/magazin\/wp-content\/uploads\/2021\/02\/102703-Solar-Floodlight-Pro-RGB_AN_Lichtfarbe-pink_CMYK_1_1-768x768.jpg 768w, https:\/\/www.solarversand.de\/magazin\/wp-content\/uploads\/2021\/02\/102703-Solar-Floodlight-Pro-RGB_AN_Lichtfarbe-pink_CMYK_1_1-1536x1536.jpg 1536w, https:\/\/www.solarversand.de\/magazin\/wp-content\/uploads\/2021\/02\/102703-Solar-Floodlight-Pro-RGB_AN_Lichtfarbe-pink_CMYK_1_1-2048x2048.jpg 2048w, https:\/\/www.solarversand.de\/magazin\/wp-content\/uploads\/2021\/02\/102703-Solar-Floodlight-Pro-RGB_AN_Lichtfarbe-pink_CMYK_1_1-1024x1024.jpg 1024w\" sizes=\"(max-width: 2500px) 100vw, 2500px\" \/><div class=\"wp-block-cover__inner-container\">\n<div class=\"is-layout-flex wp-block-buttons\">\n<div class=\"wp-block-button is-style-outline\"><a class=\"wp-block-button__link has-white-color has-text-color\" href=\"https:\/\/www.solarversand.de\/solarleuchten\/\" style=\"border-radius:7px\" target=\"_blank\" rel=\"https:\/\/www.solarversand.de noopener\">Zum Solarleuchten Sortiment im Online Shop<\/a><\/div>\n<\/div>\n<\/div><\/div>\n\n\n\n<div style=\"height:43px\" aria-hidden=\"true\" class=\"wp-block-spacer\"><\/div>\n\n\n\n<h2 class=\"has-text-align-center\"><span class=\"ez-toc-section\" id=\"Weitere_Beitraege\"><\/span>Weitere Beitr\u00e4ge<span class=\"ez-toc-section-end\"><\/span><\/h2>\n\n\n\n<div style=\"height:26px\" aria-hidden=\"true\" class=\"wp-block-spacer\"><\/div>\n\n\n<ul class=\"wp-block-latest-posts__list is-grid columns-3 has-dates has-author wp-block-latest-posts\"><li><div class=\"wp-block-latest-posts__featured-image aligncenter\"><a href=\"https:\/\/www.solarversand.de\/magazin\/2910-2\/\" aria-label=\"Photovoltaischer Boiler\"><img width=\"600\" height=\"600\" src=\"https:\/\/www.solarversand.de\/magazin\/wp-content\/uploads\/2023\/02\/141102-fs-01_optimized-3-600x600.jpg\" class=\"attachment-medium size-medium wp-post-image\" alt=\"\" decoding=\"async\" loading=\"lazy\" style=\"\" srcset=\"https:\/\/www.solarversand.de\/magazin\/wp-content\/uploads\/2023\/02\/141102-fs-01_optimized-3-600x600.jpg 600w, https:\/\/www.solarversand.de\/magazin\/wp-content\/uploads\/2023\/02\/141102-fs-01_optimized-3-300x300.jpg 300w, https:\/\/www.solarversand.de\/magazin\/wp-content\/uploads\/2023\/02\/141102-fs-01_optimized-3-768x768.jpg 768w, https:\/\/www.solarversand.de\/magazin\/wp-content\/uploads\/2023\/02\/141102-fs-01_optimized-3.jpg 1000w\" sizes=\"(max-width: 600px) 100vw, 600px\" \/><\/a><\/div><a class=\"wp-block-latest-posts__post-title\" href=\"https:\/\/www.solarversand.de\/magazin\/2910-2\/\">Photovoltaischer Boiler<\/a><div class=\"wp-block-latest-posts__post-author\">von Matthias Englert<\/div><time datetime=\"2023-02-03T13:57:48+01:00\" class=\"wp-block-latest-posts__post-date\">3. Februar 2023<\/time><div class=\"wp-block-latest-posts__post-excerpt\">Auswahl der richtigen Boilergr\u00f6\u00dfe Den Fothermo Boiler gibt es in&nbsp;<u>[mehr lesen&hellip; ]<\/u><\/div><\/li>\n<li><div class=\"wp-block-latest-posts__featured-image aligncenter\"><a href=\"https:\/\/www.solarversand.de\/magazin\/energie-fuer-das-neue-logistikzentrum\/\" aria-label=\"Energie f\u00fcr das neue Logistikzentrum\"><img width=\"600\" height=\"600\" src=\"https:\/\/www.solarversand.de\/magazin\/wp-content\/uploads\/2022\/01\/Photovoltaik-Lager-3-7-1-600x600.jpg\" class=\"attachment-medium size-medium wp-post-image\" alt=\"Photovoltaik Anlage im neuen Logistikzentrum\" decoding=\"async\" loading=\"lazy\" style=\"\" srcset=\"https:\/\/www.solarversand.de\/magazin\/wp-content\/uploads\/2022\/01\/Photovoltaik-Lager-3-7-1-600x600.jpg 600w, https:\/\/www.solarversand.de\/magazin\/wp-content\/uploads\/2022\/01\/Photovoltaik-Lager-3-7-1-1200x1200.jpg 1200w, https:\/\/www.solarversand.de\/magazin\/wp-content\/uploads\/2022\/01\/Photovoltaik-Lager-3-7-1-300x300.jpg 300w, https:\/\/www.solarversand.de\/magazin\/wp-content\/uploads\/2022\/01\/Photovoltaik-Lager-3-7-1-768x768.jpg 768w, https:\/\/www.solarversand.de\/magazin\/wp-content\/uploads\/2022\/01\/Photovoltaik-Lager-3-7-1-1536x1536.jpg 1536w, https:\/\/www.solarversand.de\/magazin\/wp-content\/uploads\/2022\/01\/Photovoltaik-Lager-3-7-1-2048x2048.jpg 2048w\" sizes=\"(max-width: 600px) 100vw, 600px\" \/><\/a><\/div><a class=\"wp-block-latest-posts__post-title\" href=\"https:\/\/www.solarversand.de\/magazin\/energie-fuer-das-neue-logistikzentrum\/\">Energie f\u00fcr das neue Logistikzentrum<\/a><div class=\"wp-block-latest-posts__post-author\">von G\u00fcnter Englert<\/div><time datetime=\"2023-01-19T07:55:00+01:00\" class=\"wp-block-latest-posts__post-date\">19. Januar 2023<\/time><div class=\"wp-block-latest-posts__post-excerpt\">Als H\u00e4ndler von umweltfreundlichen Solarprodukten stehen wir nat\u00fcrlich auch in der Pflicht, unseren eigenen Strombedarf gr\u00f6\u00dftenteils mit Photovoltaikanlagen abzudecken.<\/div><\/li>\n<li><div class=\"wp-block-latest-posts__featured-image aligncenter\"><a href=\"https:\/\/www.solarversand.de\/magazin\/der-katalog-fuer-weihnachten\/\" aria-label=\"Der Katalog f\u00fcr die Weihnachtszeit!\"><img width=\"600\" height=\"600\" src=\"https:\/\/www.solarversand.de\/magazin\/wp-content\/uploads\/2022\/02\/Katalog-Weihnachten-22-2-600x600.jpg\" class=\"attachment-medium size-medium wp-post-image\" alt=\"Katalog Weihnachtszeit Solar\" decoding=\"async\" loading=\"lazy\" style=\"\" srcset=\"https:\/\/www.solarversand.de\/magazin\/wp-content\/uploads\/2022\/02\/Katalog-Weihnachten-22-2-600x600.jpg 600w, https:\/\/www.solarversand.de\/magazin\/wp-content\/uploads\/2022\/02\/Katalog-Weihnachten-22-2-1200x1200.jpg 1200w, https:\/\/www.solarversand.de\/magazin\/wp-content\/uploads\/2022\/02\/Katalog-Weihnachten-22-2-300x300.jpg 300w, https:\/\/www.solarversand.de\/magazin\/wp-content\/uploads\/2022\/02\/Katalog-Weihnachten-22-2-768x768.jpg 768w, https:\/\/www.solarversand.de\/magazin\/wp-content\/uploads\/2022\/02\/Katalog-Weihnachten-22-2-1536x1536.jpg 1536w, https:\/\/www.solarversand.de\/magazin\/wp-content\/uploads\/2022\/02\/Katalog-Weihnachten-22-2-2048x2048.jpg 2048w\" sizes=\"(max-width: 600px) 100vw, 600px\" \/><\/a><\/div><a class=\"wp-block-latest-posts__post-title\" href=\"https:\/\/www.solarversand.de\/magazin\/der-katalog-fuer-weihnachten\/\">Der Katalog f\u00fcr die Weihnachtszeit!<\/a><div class=\"wp-block-latest-posts__post-author\">von Benjamin Ebi<\/div><time datetime=\"2022-11-24T15:33:00+01:00\" class=\"wp-block-latest-posts__post-date\">24. November 2022<\/time><div class=\"wp-block-latest-posts__post-excerpt\">Lassen Sie sich fallen und tauchen Sie ein in unseren neuen Produktkatalog f\u00fcr die Weihnachtszeit. Es erwarten Sie viele Neuheiten und Ideen f\u00fcr Ihren eigenen Garten, den wir wieder mehr als Ort der Erholung betrachten sollten.<\/div><\/li>\n<\/ul>","protected":false},"excerpt":{"rendered":"<p>Ist der kalte, nasse und viel zu lange Winter endlich vorbei, ist jeder froh, wenn es langsam w\u00e4rmer wird und es abends l\u00e4nger hell bleibt. Dann kommt auch der Garten wieder zu seiner Ehre und wird gerne als erweitertes Wohnzimmer genutzt.<\/p>\n","protected":false},"author":3,"featured_media":143,"comment_status":"closed","ping_status":"open","sticky":false,"template":"","format":"standard","meta":{"_mi_skip_tracking":false},"categories":[19],"tags":[],"acf":[],"aioseo_notices":[],"_links":{"self":[{"href":"https:\/\/www.solarversand.de\/magazin\/wp-json\/wp\/v2\/posts\/370"}],"collection":[{"href":"https:\/\/www.solarversand.de\/magazin\/wp-json\/wp\/v2\/posts"}],"about":[{"href":"https:\/\/www.solarversand.de\/magazin\/wp-json\/wp\/v2\/types\/post"}],"author":[{"embeddable":true,"href":"https:\/\/www.solarversand.de\/magazin\/wp-json\/wp\/v2\/users\/3"}],"replies":[{"embeddable":true,"href":"https:\/\/www.solarversand.de\/magazin\/wp-json\/wp\/v2\/comments?post=370"}],"version-history":[{"count":25,"href":"https:\/\/www.solarversand.de\/magazin\/wp-json\/wp\/v2\/posts\/370\/revisions"}],"predecessor-version":[{"id":2724,"href":"https:\/\/www.solarversand.de\/magazin\/wp-json\/wp\/v2\/posts\/370\/revisions\/2724"}],"wp:featuredmedia":[{"embeddable":true,"href":"https:\/\/www.solarversand.de\/magazin\/wp-json\/wp\/v2\/media\/143"}],"wp:attachment":[{"href":"https:\/\/www.solarversand.de\/magazin\/wp-json\/wp\/v2\/media?parent=370"}],"wp:term":[{"taxonomy":"category","embeddable":true,"href":"https:\/\/www.solarversand.de\/magazin\/wp-json\/wp\/v2\/categories?post=370"},{"taxonomy":"post_tag","embeddable":true,"href":"https:\/\/www.solarversand.de\/magazin\/wp-json\/wp\/v2\/tags?post=370"}],"curies":[{"name":"wp","href":"https:\/\/api.w.org\/{rel}","templated":true}]}}