{"id":2565,"date":"2021-10-19T15:17:40","date_gmt":"2021-10-19T13:17:40","guid":{"rendered":"https:\/\/www.solarversand.de\/magazin\/?p=2565"},"modified":"2022-01-18T15:29:05","modified_gmt":"2022-01-18T14:29:05","slug":"bauphase-logistikzentrum-2","status":"publish","type":"post","link":"https:\/\/www.solarversand.de\/magazin\/bauphase-logistikzentrum-2\/","title":{"rendered":"Bauphase Logistikzentrum 2"},"content":{"rendered":"\n<figure class=\"wp-block-image size-large\"><img decoding=\"async\" loading=\"lazy\" width=\"1200\" height=\"436\" src=\"https:\/\/www.solarversand.de\/magazin\/wp-content\/uploads\/2021\/10\/Neubau-Lager-3-12-1200x436.jpg\" alt=\"Neubau-Lager-3-12\" class=\"wp-image-2566\" srcset=\"https:\/\/www.solarversand.de\/magazin\/wp-content\/uploads\/2021\/10\/Neubau-Lager-3-12-1200x436.jpg 1200w, https:\/\/www.solarversand.de\/magazin\/wp-content\/uploads\/2021\/10\/Neubau-Lager-3-12-600x218.jpg 600w, https:\/\/www.solarversand.de\/magazin\/wp-content\/uploads\/2021\/10\/Neubau-Lager-3-12-300x109.jpg 300w, https:\/\/www.solarversand.de\/magazin\/wp-content\/uploads\/2021\/10\/Neubau-Lager-3-12-768x279.jpg 768w, https:\/\/www.solarversand.de\/magazin\/wp-content\/uploads\/2021\/10\/Neubau-Lager-3-12-1536x558.jpg 1536w, https:\/\/www.solarversand.de\/magazin\/wp-content\/uploads\/2021\/10\/Neubau-Lager-3-12-2048x745.jpg 2048w\" sizes=\"(max-width: 1200px) 100vw, 1200px\" \/><\/figure>\n\n\n\n<p class=\"has-text-align-center\">Bereits seit M\u00e4rz dieses Jahres rollen die Bagger auf der Baustelle. Zwischen dem offiziellen Spatenstich und heute hat sich einiges getan.&nbsp;<\/p>\n\n\n\n<p class=\"has-text-align-center\">Auf einem benachbarten Grundst\u00fcck entsteht so St\u00fcck f\u00fcr St\u00fcck unser knapp 2.000 qm gro\u00dfes Logistikzentrum 2, welches durch einen Durchfahrtstunnel mit dem bestehenden Logistikzentrum 1 verbunden sein wird.<\/p>\n\n\n\n<figure class=\"is-layout-flex wp-block-gallery-1 wp-block-gallery columns-2 is-cropped\"><ul class=\"blocks-gallery-grid\"><li class=\"blocks-gallery-item\"><figure><img decoding=\"async\" loading=\"lazy\" width=\"1200\" height=\"800\" src=\"https:\/\/www.solarversand.de\/magazin\/wp-content\/uploads\/2021\/10\/Neubau-Lager-3-93-1200x800.jpg\" alt=\"Neubau-Lager-3-93\" data-id=\"2567\" data-full-url=\"https:\/\/www.solarversand.de\/magazin\/wp-content\/uploads\/2021\/10\/Neubau-Lager-3-93.jpg\" data-link=\"https:\/\/www.solarversand.de\/magazin\/?attachment_id=2567\" class=\"wp-image-2567\" srcset=\"https:\/\/www.solarversand.de\/magazin\/wp-content\/uploads\/2021\/10\/Neubau-Lager-3-93-1200x800.jpg 1200w, https:\/\/www.solarversand.de\/magazin\/wp-content\/uploads\/2021\/10\/Neubau-Lager-3-93-600x400.jpg 600w, https:\/\/www.solarversand.de\/magazin\/wp-content\/uploads\/2021\/10\/Neubau-Lager-3-93-300x200.jpg 300w, https:\/\/www.solarversand.de\/magazin\/wp-content\/uploads\/2021\/10\/Neubau-Lager-3-93-768x512.jpg 768w, https:\/\/www.solarversand.de\/magazin\/wp-content\/uploads\/2021\/10\/Neubau-Lager-3-93-1536x1024.jpg 1536w, https:\/\/www.solarversand.de\/magazin\/wp-content\/uploads\/2021\/10\/Neubau-Lager-3-93-2048x1366.jpg 2048w\" sizes=\"(max-width: 1200px) 100vw, 1200px\" \/><\/figure><\/li><li class=\"blocks-gallery-item\"><figure><img decoding=\"async\" loading=\"lazy\" width=\"1200\" height=\"800\" src=\"https:\/\/www.solarversand.de\/magazin\/wp-content\/uploads\/2021\/10\/Neubau-Lager-3-94-1200x800.jpg\" alt=\"Neubau-Lager-3-94\" data-id=\"2568\" data-full-url=\"https:\/\/www.solarversand.de\/magazin\/wp-content\/uploads\/2021\/10\/Neubau-Lager-3-94.jpg\" data-link=\"https:\/\/www.solarversand.de\/magazin\/?attachment_id=2568\" class=\"wp-image-2568\" srcset=\"https:\/\/www.solarversand.de\/magazin\/wp-content\/uploads\/2021\/10\/Neubau-Lager-3-94-1200x800.jpg 1200w, https:\/\/www.solarversand.de\/magazin\/wp-content\/uploads\/2021\/10\/Neubau-Lager-3-94-600x400.jpg 600w, https:\/\/www.solarversand.de\/magazin\/wp-content\/uploads\/2021\/10\/Neubau-Lager-3-94-300x200.jpg 300w, https:\/\/www.solarversand.de\/magazin\/wp-content\/uploads\/2021\/10\/Neubau-Lager-3-94-768x512.jpg 768w, https:\/\/www.solarversand.de\/magazin\/wp-content\/uploads\/2021\/10\/Neubau-Lager-3-94-1536x1024.jpg 1536w, https:\/\/www.solarversand.de\/magazin\/wp-content\/uploads\/2021\/10\/Neubau-Lager-3-94-2048x1366.jpg 2048w\" sizes=\"(max-width: 1200px) 100vw, 1200px\" \/><\/figure><\/li><li class=\"blocks-gallery-item\"><figure><img decoding=\"async\" loading=\"lazy\" width=\"1200\" height=\"800\" src=\"https:\/\/www.solarversand.de\/magazin\/wp-content\/uploads\/2021\/10\/Neubau-Lager-3-123-1200x800.jpg\" alt=\"Neubau-Lager-3-123\" data-id=\"2569\" data-full-url=\"https:\/\/www.solarversand.de\/magazin\/wp-content\/uploads\/2021\/10\/Neubau-Lager-3-123.jpg\" data-link=\"https:\/\/www.solarversand.de\/magazin\/?attachment_id=2569\" class=\"wp-image-2569\" srcset=\"https:\/\/www.solarversand.de\/magazin\/wp-content\/uploads\/2021\/10\/Neubau-Lager-3-123-1200x800.jpg 1200w, https:\/\/www.solarversand.de\/magazin\/wp-content\/uploads\/2021\/10\/Neubau-Lager-3-123-600x400.jpg 600w, https:\/\/www.solarversand.de\/magazin\/wp-content\/uploads\/2021\/10\/Neubau-Lager-3-123-300x200.jpg 300w, https:\/\/www.solarversand.de\/magazin\/wp-content\/uploads\/2021\/10\/Neubau-Lager-3-123-768x512.jpg 768w, https:\/\/www.solarversand.de\/magazin\/wp-content\/uploads\/2021\/10\/Neubau-Lager-3-123-1536x1024.jpg 1536w, https:\/\/www.solarversand.de\/magazin\/wp-content\/uploads\/2021\/10\/Neubau-Lager-3-123-2048x1366.jpg 2048w\" sizes=\"(max-width: 1200px) 100vw, 1200px\" \/><\/figure><\/li><li class=\"blocks-gallery-item\"><figure><img decoding=\"async\" loading=\"lazy\" width=\"1200\" height=\"800\" src=\"https:\/\/www.solarversand.de\/magazin\/wp-content\/uploads\/2021\/10\/Neubau-Lager-3-192-1200x800.jpg\" alt=\"Neubau-Lager-3-192\" data-id=\"2570\" data-full-url=\"https:\/\/www.solarversand.de\/magazin\/wp-content\/uploads\/2021\/10\/Neubau-Lager-3-192.jpg\" data-link=\"https:\/\/www.solarversand.de\/magazin\/?attachment_id=2570\" class=\"wp-image-2570\" srcset=\"https:\/\/www.solarversand.de\/magazin\/wp-content\/uploads\/2021\/10\/Neubau-Lager-3-192-1200x800.jpg 1200w, https:\/\/www.solarversand.de\/magazin\/wp-content\/uploads\/2021\/10\/Neubau-Lager-3-192-600x400.jpg 600w, https:\/\/www.solarversand.de\/magazin\/wp-content\/uploads\/2021\/10\/Neubau-Lager-3-192-300x200.jpg 300w, https:\/\/www.solarversand.de\/magazin\/wp-content\/uploads\/2021\/10\/Neubau-Lager-3-192-768x512.jpg 768w, https:\/\/www.solarversand.de\/magazin\/wp-content\/uploads\/2021\/10\/Neubau-Lager-3-192-1536x1024.jpg 1536w, https:\/\/www.solarversand.de\/magazin\/wp-content\/uploads\/2021\/10\/Neubau-Lager-3-192-2048x1366.jpg 2048w\" sizes=\"(max-width: 1200px) 100vw, 1200px\" \/><\/figure><\/li><\/ul><\/figure>\n\n\n\n<h2 class=\"has-text-align-center\">Unsere Kunden profitieren &#8211; garantiert!<\/h2>\n\n\n\n<p class=\"has-text-align-center\">Mit dem Schwerpunkt auf Bestellungen mit mehr als einem Artikel, wird dadurch unser bestehendes Logistikzentrum entlastet und Sie profitieren weiterhin von den gewohnt schnellen Lieferzeiten zu fairen Preisen.<\/p>\n\n\n\n<p class=\"has-text-align-center\">Die hinzugewonnene Lagerkapazit\u00e4t wird hingegen genutzt, um weitere interessante Solarprodukte in unser Sortiment aufzunehmen und Ihnen dabei stets die beste Verf\u00fcgbarkeit zu garantieren!<\/p>\n\n\n\n<figure class=\"is-layout-flex wp-block-gallery-3 wp-block-gallery columns-2 is-cropped\"><ul class=\"blocks-gallery-grid\"><li class=\"blocks-gallery-item\"><figure><img decoding=\"async\" loading=\"lazy\" width=\"1200\" height=\"800\" src=\"https:\/\/www.solarversand.de\/magazin\/wp-content\/uploads\/2021\/10\/Neubau-Lager-3-215-1200x800.jpg\" alt=\"Neubau-Lager-3-215\" data-id=\"2571\" data-full-url=\"https:\/\/www.solarversand.de\/magazin\/wp-content\/uploads\/2021\/10\/Neubau-Lager-3-215.jpg\" data-link=\"https:\/\/www.solarversand.de\/magazin\/?attachment_id=2571\" class=\"wp-image-2571\" srcset=\"https:\/\/www.solarversand.de\/magazin\/wp-content\/uploads\/2021\/10\/Neubau-Lager-3-215-1200x800.jpg 1200w, https:\/\/www.solarversand.de\/magazin\/wp-content\/uploads\/2021\/10\/Neubau-Lager-3-215-600x400.jpg 600w, https:\/\/www.solarversand.de\/magazin\/wp-content\/uploads\/2021\/10\/Neubau-Lager-3-215-300x200.jpg 300w, https:\/\/www.solarversand.de\/magazin\/wp-content\/uploads\/2021\/10\/Neubau-Lager-3-215-768x512.jpg 768w, https:\/\/www.solarversand.de\/magazin\/wp-content\/uploads\/2021\/10\/Neubau-Lager-3-215-1536x1024.jpg 1536w, https:\/\/www.solarversand.de\/magazin\/wp-content\/uploads\/2021\/10\/Neubau-Lager-3-215-2048x1366.jpg 2048w\" sizes=\"(max-width: 1200px) 100vw, 1200px\" \/><\/figure><\/li><li class=\"blocks-gallery-item\"><figure><img decoding=\"async\" loading=\"lazy\" width=\"1200\" height=\"800\" src=\"https:\/\/www.solarversand.de\/magazin\/wp-content\/uploads\/2021\/10\/Neubau-Lager-3-231-1200x800.jpg\" alt=\"Neubau-Lager-3-231\" data-id=\"2572\" data-full-url=\"https:\/\/www.solarversand.de\/magazin\/wp-content\/uploads\/2021\/10\/Neubau-Lager-3-231.jpg\" data-link=\"https:\/\/www.solarversand.de\/magazin\/?attachment_id=2572\" class=\"wp-image-2572\" srcset=\"https:\/\/www.solarversand.de\/magazin\/wp-content\/uploads\/2021\/10\/Neubau-Lager-3-231-1200x800.jpg 1200w, https:\/\/www.solarversand.de\/magazin\/wp-content\/uploads\/2021\/10\/Neubau-Lager-3-231-600x400.jpg 600w, https:\/\/www.solarversand.de\/magazin\/wp-content\/uploads\/2021\/10\/Neubau-Lager-3-231-300x200.jpg 300w, https:\/\/www.solarversand.de\/magazin\/wp-content\/uploads\/2021\/10\/Neubau-Lager-3-231-768x512.jpg 768w, https:\/\/www.solarversand.de\/magazin\/wp-content\/uploads\/2021\/10\/Neubau-Lager-3-231-1536x1024.jpg 1536w, https:\/\/www.solarversand.de\/magazin\/wp-content\/uploads\/2021\/10\/Neubau-Lager-3-231-2048x1366.jpg 2048w\" sizes=\"(max-width: 1200px) 100vw, 1200px\" \/><\/figure><\/li><li class=\"blocks-gallery-item\"><figure><img decoding=\"async\" loading=\"lazy\" width=\"1200\" height=\"800\" src=\"https:\/\/www.solarversand.de\/magazin\/wp-content\/uploads\/2021\/10\/Neubau-Lager-3-375-1200x800.jpg\" alt=\"Neubau-Lager-3-375\" data-id=\"2573\" data-full-url=\"https:\/\/www.solarversand.de\/magazin\/wp-content\/uploads\/2021\/10\/Neubau-Lager-3-375.jpg\" data-link=\"https:\/\/www.solarversand.de\/magazin\/?attachment_id=2573\" class=\"wp-image-2573\" srcset=\"https:\/\/www.solarversand.de\/magazin\/wp-content\/uploads\/2021\/10\/Neubau-Lager-3-375-1200x800.jpg 1200w, https:\/\/www.solarversand.de\/magazin\/wp-content\/uploads\/2021\/10\/Neubau-Lager-3-375-600x400.jpg 600w, https:\/\/www.solarversand.de\/magazin\/wp-content\/uploads\/2021\/10\/Neubau-Lager-3-375-300x200.jpg 300w, https:\/\/www.solarversand.de\/magazin\/wp-content\/uploads\/2021\/10\/Neubau-Lager-3-375-768x512.jpg 768w, https:\/\/www.solarversand.de\/magazin\/wp-content\/uploads\/2021\/10\/Neubau-Lager-3-375-1536x1024.jpg 1536w, https:\/\/www.solarversand.de\/magazin\/wp-content\/uploads\/2021\/10\/Neubau-Lager-3-375-2048x1366.jpg 2048w\" sizes=\"(max-width: 1200px) 100vw, 1200px\" \/><\/figure><\/li><li class=\"blocks-gallery-item\"><figure><img decoding=\"async\" loading=\"lazy\" width=\"1200\" height=\"800\" src=\"https:\/\/www.solarversand.de\/magazin\/wp-content\/uploads\/2021\/10\/Neubau-Lager-3-425-1200x800.jpg\" alt=\"Neubau-Lager-3-425\" data-id=\"2574\" data-full-url=\"https:\/\/www.solarversand.de\/magazin\/wp-content\/uploads\/2021\/10\/Neubau-Lager-3-425.jpg\" data-link=\"https:\/\/www.solarversand.de\/magazin\/?attachment_id=2574\" class=\"wp-image-2574\" srcset=\"https:\/\/www.solarversand.de\/magazin\/wp-content\/uploads\/2021\/10\/Neubau-Lager-3-425-1200x800.jpg 1200w, https:\/\/www.solarversand.de\/magazin\/wp-content\/uploads\/2021\/10\/Neubau-Lager-3-425-600x400.jpg 600w, https:\/\/www.solarversand.de\/magazin\/wp-content\/uploads\/2021\/10\/Neubau-Lager-3-425-300x200.jpg 300w, https:\/\/www.solarversand.de\/magazin\/wp-content\/uploads\/2021\/10\/Neubau-Lager-3-425-768x512.jpg 768w, https:\/\/www.solarversand.de\/magazin\/wp-content\/uploads\/2021\/10\/Neubau-Lager-3-425-1536x1024.jpg 1536w, https:\/\/www.solarversand.de\/magazin\/wp-content\/uploads\/2021\/10\/Neubau-Lager-3-425-2048x1366.jpg 2048w\" sizes=\"(max-width: 1200px) 100vw, 1200px\" \/><\/figure><\/li><\/ul><\/figure>\n\n\n\n<h2 class=\"has-text-align-center\">Der Rohbau ist fertiggestellt &#8211; was folgt nun?<\/h2>\n\n\n\n<p class=\"has-text-align-center\">Seien Sie gespannt auf viele weitere interessante Themen, dazu z\u00e4hlen unter anderem:<\/p>\n\n\n\n<ul id=\"block-2a2deec4-ab1b-4963-9ff8-9c14690779be\" class=\"has-background\" style=\"background-color:#eeeeee\"><li>Installation einer 65 kW PV-Anlage zur Eigenversorgung an der Hallenfassade&nbsp;<\/li><li>Effiziente Beheizung mittels Fu\u00dfbodenheizung und W\u00e4rmepumpe&nbsp;<\/li><li>Aufbau des Paletten Hochregallagers<\/li><li>Aufbau und Integration eines automatischen Lagersystems mit insgesamt 110 Robotern<\/li><li>Aufbau der F\u00f6rdertechnik und deren Inbetriebnahme<\/li><li>Fertigstellung des Trocken-Innenausbaus und der Inneneinrichtung<\/li><\/ul>\n\n\n\n<figure class=\"is-layout-flex wp-block-gallery-5 wp-block-gallery columns-2 is-cropped\"><ul class=\"blocks-gallery-grid\"><li class=\"blocks-gallery-item\"><figure><img decoding=\"async\" loading=\"lazy\" width=\"1000\" height=\"666\" src=\"https:\/\/www.solarversand.de\/magazin\/wp-content\/uploads\/2021\/10\/Hallenbau-Drohne-2.jpg\" alt=\"Hallenbau-Drohne-2\" data-id=\"2595\" data-full-url=\"https:\/\/www.solarversand.de\/magazin\/wp-content\/uploads\/2021\/10\/Hallenbau-Drohne-2.jpg\" data-link=\"https:\/\/www.solarversand.de\/magazin\/bauphase-logistikzentrum-2\/hallenbau-drohne-2\/\" class=\"wp-image-2595\" srcset=\"https:\/\/www.solarversand.de\/magazin\/wp-content\/uploads\/2021\/10\/Hallenbau-Drohne-2.jpg 1000w, https:\/\/www.solarversand.de\/magazin\/wp-content\/uploads\/2021\/10\/Hallenbau-Drohne-2-600x400.jpg 600w, https:\/\/www.solarversand.de\/magazin\/wp-content\/uploads\/2021\/10\/Hallenbau-Drohne-2-300x200.jpg 300w, https:\/\/www.solarversand.de\/magazin\/wp-content\/uploads\/2021\/10\/Hallenbau-Drohne-2-768x511.jpg 768w\" sizes=\"(max-width: 1000px) 100vw, 1000px\" \/><\/figure><\/li><li class=\"blocks-gallery-item\"><figure><img decoding=\"async\" loading=\"lazy\" width=\"1000\" height=\"666\" src=\"https:\/\/www.solarversand.de\/magazin\/wp-content\/uploads\/2021\/10\/Hallenbau-Flug-Drohne-1.jpg\" alt=\"Hallenbau-Flug-Drohne-1\" data-id=\"2596\" data-full-url=\"https:\/\/www.solarversand.de\/magazin\/wp-content\/uploads\/2021\/10\/Hallenbau-Flug-Drohne-1.jpg\" data-link=\"https:\/\/www.solarversand.de\/magazin\/bauphase-logistikzentrum-2\/hallenbau-flug-drohne-1\/\" class=\"wp-image-2596\" srcset=\"https:\/\/www.solarversand.de\/magazin\/wp-content\/uploads\/2021\/10\/Hallenbau-Flug-Drohne-1.jpg 1000w, https:\/\/www.solarversand.de\/magazin\/wp-content\/uploads\/2021\/10\/Hallenbau-Flug-Drohne-1-600x400.jpg 600w, https:\/\/www.solarversand.de\/magazin\/wp-content\/uploads\/2021\/10\/Hallenbau-Flug-Drohne-1-300x200.jpg 300w, https:\/\/www.solarversand.de\/magazin\/wp-content\/uploads\/2021\/10\/Hallenbau-Flug-Drohne-1-768x511.jpg 768w\" sizes=\"(max-width: 1000px) 100vw, 1000px\" \/><\/figure><\/li><li class=\"blocks-gallery-item\"><figure><img decoding=\"async\" loading=\"lazy\" width=\"1200\" height=\"800\" src=\"https:\/\/www.solarversand.de\/magazin\/wp-content\/uploads\/2021\/10\/Neubau-Lager-3-795-1200x800.jpg\" alt=\"Neubau-Lager-3-795\" data-id=\"2576\" data-full-url=\"https:\/\/www.solarversand.de\/magazin\/wp-content\/uploads\/2021\/10\/Neubau-Lager-3-795.jpg\" data-link=\"https:\/\/www.solarversand.de\/magazin\/bauphase-logistikzentrum-2\/neubau-lager-3-795\/\" class=\"wp-image-2576\" srcset=\"https:\/\/www.solarversand.de\/magazin\/wp-content\/uploads\/2021\/10\/Neubau-Lager-3-795-1200x800.jpg 1200w, https:\/\/www.solarversand.de\/magazin\/wp-content\/uploads\/2021\/10\/Neubau-Lager-3-795-600x400.jpg 600w, https:\/\/www.solarversand.de\/magazin\/wp-content\/uploads\/2021\/10\/Neubau-Lager-3-795-300x200.jpg 300w, https:\/\/www.solarversand.de\/magazin\/wp-content\/uploads\/2021\/10\/Neubau-Lager-3-795-768x512.jpg 768w, https:\/\/www.solarversand.de\/magazin\/wp-content\/uploads\/2021\/10\/Neubau-Lager-3-795-1536x1024.jpg 1536w, https:\/\/www.solarversand.de\/magazin\/wp-content\/uploads\/2021\/10\/Neubau-Lager-3-795-2048x1365.jpg 2048w\" sizes=\"(max-width: 1200px) 100vw, 1200px\" \/><\/figure><\/li><li class=\"blocks-gallery-item\"><figure><img decoding=\"async\" loading=\"lazy\" width=\"1200\" height=\"800\" src=\"https:\/\/www.solarversand.de\/magazin\/wp-content\/uploads\/2021\/10\/Neubau-Lager-3-741-1200x800.jpg\" alt=\"Neubau-Lager-3-741\" data-id=\"2575\" data-full-url=\"https:\/\/www.solarversand.de\/magazin\/wp-content\/uploads\/2021\/10\/Neubau-Lager-3-741.jpg\" data-link=\"https:\/\/www.solarversand.de\/magazin\/bauphase-logistikzentrum-2\/neubau-lager-3-741\/\" class=\"wp-image-2575\" srcset=\"https:\/\/www.solarversand.de\/magazin\/wp-content\/uploads\/2021\/10\/Neubau-Lager-3-741-1200x800.jpg 1200w, https:\/\/www.solarversand.de\/magazin\/wp-content\/uploads\/2021\/10\/Neubau-Lager-3-741-600x400.jpg 600w, https:\/\/www.solarversand.de\/magazin\/wp-content\/uploads\/2021\/10\/Neubau-Lager-3-741-300x200.jpg 300w, https:\/\/www.solarversand.de\/magazin\/wp-content\/uploads\/2021\/10\/Neubau-Lager-3-741-768x512.jpg 768w, https:\/\/www.solarversand.de\/magazin\/wp-content\/uploads\/2021\/10\/Neubau-Lager-3-741-1536x1024.jpg 1536w, https:\/\/www.solarversand.de\/magazin\/wp-content\/uploads\/2021\/10\/Neubau-Lager-3-741-2048x1366.jpg 2048w\" sizes=\"(max-width: 1200px) 100vw, 1200px\" \/><\/figure><\/li><\/ul><\/figure>\n\n\n\n<p class=\"has-text-align-center\">Der geplante Termin zur Inbetriebnahme ist derzeit auf das Fr\u00fchjahr 2022 datiert.<\/p>\n\n\n\n\n\n\n<div class=\"wp-block-cover has-background-dim-30 has-background-dim\"><img decoding=\"async\" loading=\"lazy\" width=\"2560\" height=\"1707\" class=\"wp-block-cover__image-background wp-image-2355\" alt=\"\" src=\"https:\/\/www.solarversand.de\/magazin\/wp-content\/uploads\/2021\/09\/leuchtende-gluehbirne-scaled.jpeg\" style=\"object-position:44% 87%\" data-object-fit=\"cover\" data-object-position=\"44% 87%\" srcset=\"https:\/\/www.solarversand.de\/magazin\/wp-content\/uploads\/2021\/09\/leuchtende-gluehbirne-scaled.jpeg 2560w, https:\/\/www.solarversand.de\/magazin\/wp-content\/uploads\/2021\/09\/leuchtende-gluehbirne-600x400.jpeg 600w, https:\/\/www.solarversand.de\/magazin\/wp-content\/uploads\/2021\/09\/leuchtende-gluehbirne-1200x800.jpeg 1200w, https:\/\/www.solarversand.de\/magazin\/wp-content\/uploads\/2021\/09\/leuchtende-gluehbirne-300x200.jpeg 300w, https:\/\/www.solarversand.de\/magazin\/wp-content\/uploads\/2021\/09\/leuchtende-gluehbirne-768x512.jpeg 768w, https:\/\/www.solarversand.de\/magazin\/wp-content\/uploads\/2021\/09\/leuchtende-gluehbirne-1536x1024.jpeg 1536w, https:\/\/www.solarversand.de\/magazin\/wp-content\/uploads\/2021\/09\/leuchtende-gluehbirne-2048x1365.jpeg 2048w\" sizes=\"(max-width: 2560px) 100vw, 2560px\" \/><div class=\"wp-block-cover__inner-container\">\n<div class=\"is-layout-flex wp-block-buttons\">\n<div class=\"wp-block-button is-style-outline\"><a class=\"wp-block-button__link has-white-color has-text-color\" href=\"https:\/\/www.solarversand.de\/ueber-solarversand\/\" style=\"border-radius:10px\" target=\"_blank\" rel=\"https:\/\/www.solarversand.de noopener\">Mehr Infos zur Nachhaltigkeit<\/a><\/div>\n<\/div>\n<\/div><\/div>\n\n\n\n<div style=\"height:43px\" aria-hidden=\"true\" class=\"wp-block-spacer\"><\/div>\n\n\n\n<h2 class=\"has-text-align-center\">weitere Beitr\u00e4ge<\/h2>\n\n\n\n<div style=\"height:26px\" aria-hidden=\"true\" class=\"wp-block-spacer\"><\/div>\n\n\n<ul class=\"wp-block-latest-posts__list is-grid columns-3 has-dates has-author wp-block-latest-posts\"><li><div class=\"wp-block-latest-posts__featured-image aligncenter\"><a href=\"https:\/\/www.solarversand.de\/magazin\/2910-2\/\" aria-label=\"Photovoltaischer Boiler\"><img width=\"600\" height=\"600\" src=\"https:\/\/www.solarversand.de\/magazin\/wp-content\/uploads\/2023\/02\/141102-fs-01_optimized-3-600x600.jpg\" class=\"attachment-medium size-medium wp-post-image\" alt=\"\" decoding=\"async\" loading=\"lazy\" style=\"\" srcset=\"https:\/\/www.solarversand.de\/magazin\/wp-content\/uploads\/2023\/02\/141102-fs-01_optimized-3-600x600.jpg 600w, https:\/\/www.solarversand.de\/magazin\/wp-content\/uploads\/2023\/02\/141102-fs-01_optimized-3-300x300.jpg 300w, https:\/\/www.solarversand.de\/magazin\/wp-content\/uploads\/2023\/02\/141102-fs-01_optimized-3-768x768.jpg 768w, https:\/\/www.solarversand.de\/magazin\/wp-content\/uploads\/2023\/02\/141102-fs-01_optimized-3.jpg 1000w\" sizes=\"(max-width: 600px) 100vw, 600px\" \/><\/a><\/div><a class=\"wp-block-latest-posts__post-title\" href=\"https:\/\/www.solarversand.de\/magazin\/2910-2\/\">Photovoltaischer Boiler<\/a><div class=\"wp-block-latest-posts__post-author\">von Matthias Englert<\/div><time datetime=\"2023-02-03T13:57:48+01:00\" class=\"wp-block-latest-posts__post-date\">3. Februar 2023<\/time><div class=\"wp-block-latest-posts__post-excerpt\">Auswahl der richtigen Boilergr\u00f6\u00dfe Den Fothermo Boiler gibt es in&nbsp;<u>[mehr lesen&hellip; ]<\/u><\/div><\/li>\n<li><div class=\"wp-block-latest-posts__featured-image aligncenter\"><a href=\"https:\/\/www.solarversand.de\/magazin\/energie-fuer-das-neue-logistikzentrum\/\" aria-label=\"Energie f\u00fcr das neue Logistikzentrum\"><img width=\"600\" height=\"600\" src=\"https:\/\/www.solarversand.de\/magazin\/wp-content\/uploads\/2022\/01\/Photovoltaik-Lager-3-7-1-600x600.jpg\" class=\"attachment-medium size-medium wp-post-image\" alt=\"Photovoltaik Anlage im neuen Logistikzentrum\" decoding=\"async\" loading=\"lazy\" style=\"\" srcset=\"https:\/\/www.solarversand.de\/magazin\/wp-content\/uploads\/2022\/01\/Photovoltaik-Lager-3-7-1-600x600.jpg 600w, https:\/\/www.solarversand.de\/magazin\/wp-content\/uploads\/2022\/01\/Photovoltaik-Lager-3-7-1-1200x1200.jpg 1200w, https:\/\/www.solarversand.de\/magazin\/wp-content\/uploads\/2022\/01\/Photovoltaik-Lager-3-7-1-300x300.jpg 300w, https:\/\/www.solarversand.de\/magazin\/wp-content\/uploads\/2022\/01\/Photovoltaik-Lager-3-7-1-768x768.jpg 768w, https:\/\/www.solarversand.de\/magazin\/wp-content\/uploads\/2022\/01\/Photovoltaik-Lager-3-7-1-1536x1536.jpg 1536w, https:\/\/www.solarversand.de\/magazin\/wp-content\/uploads\/2022\/01\/Photovoltaik-Lager-3-7-1-2048x2048.jpg 2048w\" sizes=\"(max-width: 600px) 100vw, 600px\" \/><\/a><\/div><a class=\"wp-block-latest-posts__post-title\" href=\"https:\/\/www.solarversand.de\/magazin\/energie-fuer-das-neue-logistikzentrum\/\">Energie f\u00fcr das neue Logistikzentrum<\/a><div class=\"wp-block-latest-posts__post-author\">von G\u00fcnter Englert<\/div><time datetime=\"2023-01-19T07:55:00+01:00\" class=\"wp-block-latest-posts__post-date\">19. Januar 2023<\/time><div class=\"wp-block-latest-posts__post-excerpt\">Als H\u00e4ndler von umweltfreundlichen Solarprodukten stehen wir nat\u00fcrlich auch in der Pflicht, unseren eigenen Strombedarf gr\u00f6\u00dftenteils mit Photovoltaikanlagen abzudecken.<\/div><\/li>\n<li><div class=\"wp-block-latest-posts__featured-image aligncenter\"><a href=\"https:\/\/www.solarversand.de\/magazin\/der-katalog-fuer-weihnachten\/\" aria-label=\"Der Katalog f\u00fcr die Weihnachtszeit!\"><img width=\"600\" height=\"600\" src=\"https:\/\/www.solarversand.de\/magazin\/wp-content\/uploads\/2022\/02\/Katalog-Weihnachten-22-2-600x600.jpg\" class=\"attachment-medium size-medium wp-post-image\" alt=\"Katalog Weihnachtszeit Solar\" decoding=\"async\" loading=\"lazy\" style=\"\" srcset=\"https:\/\/www.solarversand.de\/magazin\/wp-content\/uploads\/2022\/02\/Katalog-Weihnachten-22-2-600x600.jpg 600w, https:\/\/www.solarversand.de\/magazin\/wp-content\/uploads\/2022\/02\/Katalog-Weihnachten-22-2-1200x1200.jpg 1200w, https:\/\/www.solarversand.de\/magazin\/wp-content\/uploads\/2022\/02\/Katalog-Weihnachten-22-2-300x300.jpg 300w, https:\/\/www.solarversand.de\/magazin\/wp-content\/uploads\/2022\/02\/Katalog-Weihnachten-22-2-768x768.jpg 768w, https:\/\/www.solarversand.de\/magazin\/wp-content\/uploads\/2022\/02\/Katalog-Weihnachten-22-2-1536x1536.jpg 1536w, https:\/\/www.solarversand.de\/magazin\/wp-content\/uploads\/2022\/02\/Katalog-Weihnachten-22-2-2048x2048.jpg 2048w\" sizes=\"(max-width: 600px) 100vw, 600px\" \/><\/a><\/div><a class=\"wp-block-latest-posts__post-title\" href=\"https:\/\/www.solarversand.de\/magazin\/der-katalog-fuer-weihnachten\/\">Der Katalog f\u00fcr die Weihnachtszeit!<\/a><div class=\"wp-block-latest-posts__post-author\">von Benjamin Ebi<\/div><time datetime=\"2022-11-24T15:33:00+01:00\" class=\"wp-block-latest-posts__post-date\">24. November 2022<\/time><div class=\"wp-block-latest-posts__post-excerpt\">Lassen Sie sich fallen und tauchen Sie ein in unseren neuen Produktkatalog f\u00fcr die Weihnachtszeit. Es erwarten Sie viele Neuheiten und Ideen f\u00fcr Ihren eigenen Garten, den wir wieder mehr als Ort der Erholung betrachten sollten.<\/div><\/li>\n<\/ul>\n\n\n<p><\/p>\n","protected":false},"excerpt":{"rendered":"<p>Bereits seit M\u00e4rz dieses Jahres rollen die Bagger auf der Baustelle. Zwischen dem offiziellen Spatenstich und heute hat sich einiges getan. Wir haben dazu einen Beitrag f\u00fcr Sie geschrieben.<\/p>\n","protected":false},"author":8,"featured_media":2578,"comment_status":"closed","ping_status":"closed","sticky":false,"template":"","format":"standard","meta":{"_mi_skip_tracking":false},"categories":[5],"tags":[],"acf":[],"aioseo_notices":[],"_links":{"self":[{"href":"https:\/\/www.solarversand.de\/magazin\/wp-json\/wp\/v2\/posts\/2565"}],"collection":[{"href":"https:\/\/www.solarversand.de\/magazin\/wp-json\/wp\/v2\/posts"}],"about":[{"href":"https:\/\/www.solarversand.de\/magazin\/wp-json\/wp\/v2\/types\/post"}],"author":[{"embeddable":true,"href":"https:\/\/www.solarversand.de\/magazin\/wp-json\/wp\/v2\/users\/8"}],"replies":[{"embeddable":true,"href":"https:\/\/www.solarversand.de\/magazin\/wp-json\/wp\/v2\/comments?post=2565"}],"version-history":[{"count":8,"href":"https:\/\/www.solarversand.de\/magazin\/wp-json\/wp\/v2\/posts\/2565\/revisions"}],"predecessor-version":[{"id":2835,"href":"https:\/\/www.solarversand.de\/magazin\/wp-json\/wp\/v2\/posts\/2565\/revisions\/2835"}],"wp:featuredmedia":[{"embeddable":true,"href":"https:\/\/www.solarversand.de\/magazin\/wp-json\/wp\/v2\/media\/2578"}],"wp:attachment":[{"href":"https:\/\/www.solarversand.de\/magazin\/wp-json\/wp\/v2\/media?parent=2565"}],"wp:term":[{"taxonomy":"category","embeddable":true,"href":"https:\/\/www.solarversand.de\/magazin\/wp-json\/wp\/v2\/categories?post=2565"},{"taxonomy":"post_tag","embeddable":true,"href":"https:\/\/www.solarversand.de\/magazin\/wp-json\/wp\/v2\/tags?post=2565"}],"curies":[{"name":"wp","href":"https:\/\/api.w.org\/{rel}","templated":true}]}}